{"id":1375,"date":"2014-04-24T05:35:39","date_gmt":"2014-04-24T05:35:39","guid":{"rendered":"https:\/\/codexflores.ch\/index.php\/2014\/04\/24\/tod-der-ungarischen-altistin-erzsebet-komlossy\/"},"modified":"2014-04-24T05:35:39","modified_gmt":"2014-04-24T05:35:39","slug":"tod-der-ungarischen-altistin-erzsebet-komlossy","status":"publish","type":"post","link":"https:\/\/codexflores.ch\/index.php\/2014\/04\/24\/tod-der-ungarischen-altistin-erzsebet-komlossy\/","title":{"rendered":"Tod der ungarischen Altistin Erzs\u00e9bet Koml\u00f3ssy"},"content":{"rendered":"<p><span style=\"font-family: arial,helvetica,sans-serif; font-size: small;\">24.04.2014 &#8212; Erzs\u00e9bet Koml\u00f3ssy, die als dramatischer Alt und als Mezzosopranistin an der Ungarischen Staatsoper Budapest t\u00e4tig war, ist in Budapest im Alter von 81 Jahren verstorben.<\/span><\/p>\n<p><strong><span style=\"font-family: arial,helvetica,sans-serif; font-size: small;\">24.04.2014 &#8212; Erzs\u00e9bet Koml\u00f3ssy, die als dramatischer Alt und als Mezzosopranistin an der Ungarischen Staatsoper Budapest t\u00e4tig war, ist in Budapest im Alter von 81 Jahren verstorben.<\/span><\/strong><span class=\"ecxApple-style-span\" style=\"font-family: Tahoma;\"><span class=\"ecxApple-style-span\" style=\"font-size: small;\"> <br \/><\/span><\/span><\/p>\n<p><span class=\"ecxApple-style-span\" style=\"font-family: Tahoma;\"><span class=\"ecxApple-style-span\" style=\"font-size: small;\">\u00a0<\/span><\/span><\/p>\n<p><span class=\"ecxApple-style-span\" style=\"font-family: Tahoma;\"><span class=\"ecxApple-style-span\" style=\"font-size: small;\">Laut einer Mitteilung aus dem Umfeld der <span class=\"ecxApple-style-span\" style=\"color: #2a2a2a; line-height: 17px;\"><span class=\"ecxApple-style-span\" style=\"font-family: Tahoma;\"><span class=\"ecxApple-style-span\" style=\"font-size: small;\"><em>Ungarische Freunde des Belcanto<\/em><\/span><\/span><\/span> z\u00e4hlte Koml\u00f3ssy \u00abals erste Dramatische Altistin\/Dramatische Mezzosopranistin zu jener herausragenden und teilweise sogar auch international gefragten Solistinnenriege der Ungarischen Staatsoper Budapest, welche dieses Haus in den 60er und 70er Jahren des vergangenen Jahrhunderts k\u00fcnstlerisch besonders gepr\u00e4gt hat\u00bb.<\/span><\/span><span class=\"ecxApple-style-span\" style=\"font-family: Tahoma;\"><span class=\"ecxApple-style-span\" style=\"font-size: small;\"> <br \/><\/span><\/span><\/p>\n<div><span class=\"ecxApple-style-span\" style=\"font-family: Tahoma;\"><span class=\"ecxApple-style-span\" style=\"font-size: small;\"><span style=\"font-family: arial,helvetica,sans-serif; font-size: small;\">Koml\u00f3ssy<\/span> war damit Weggef\u00e4hrtin von K\u00fcnstlerinnen wie der dramatischen Koloratursopranistin Karola \u00c1gai, der dramatischen Sopranistin Gabriella D\u00e9ry, sowie der lyrischen Sopranistin Margit L\u00e1szl\u00f3. <br \/><\/span><\/span><\/div>\n<div><span class=\"ecxApple-style-span\" style=\"font-family: Tahoma;\"><span class=\"ecxApple-style-span\" style=\"font-size: small;\">\u00a0<\/span><\/span><\/div>\n<div><span class=\"ecxApple-style-span\" style=\"font-family: Tahoma;\"><span class=\"ecxApple-style-span\" style=\"font-size: small;\">Zu den auch international gefeierten Rolleninterpretationen Erzs\u00e9bet Koml\u00f3ssys z\u00e4hlten unter anderen <em>Carmen<\/em>, <em>Azucena<\/em>,\u00a0<em>Amneris<\/em>, <em>Dalila<\/em> etwa auch an der Seite von Mario del Monaco, sowie die Partie der <em>K\u00f6nigin Gertrud<\/em> in der wichtigsten ungarischen Nationaloper <em>B\u00e1nk b\u00e1n<\/em>. <br \/><\/span><\/span><\/div>\n<div><span class=\"ecxApple-style-span\" style=\"font-family: Tahoma;\"><span class=\"ecxApple-style-span\" style=\"font-size: small;\">\u00a0<\/span><\/span><\/div>\n<div><span class=\"ecxApple-style-span\" style=\"font-family: Tahoma;\"><span class=\"ecxApple-style-span\" style=\"font-size: small;\">Laut Zeitzeugen und Rezensionen waren Koml\u00f3ssys Interpretationen stets nicht nur von einer schier grenzenlosen vokalen Bravour, sondern auch von packender Dramatik und suggestiven darstellerischen F\u00e4higkeiten gepr\u00e4gt. <em>(cf)<\/em><br \/><\/span><\/span><\/div>\n<p><span style=\"font-family: arial,helvetica,sans-serif; font-size: small;\">\u00a0<\/span><\/p>\n<p>\u00a0<\/p>\n","protected":false},"excerpt":{"rendered":"<p><span style=\"font-family: arial,helvetica,sans-serif; font-size: small;\">24.04.2014 &#8212; Erzs\u00e9bet Koml\u00f3ssy, die als dramatischer Alt und als Mezzosopranistin an der Ungarischen Staatsoper Budapest t\u00e4tig war, ist in Budapest im Alter von 81 Jahren verstorben.<\/span><\/p>\n","protected":false},"author":1,"featured_media":0,"comment_status":"open","ping_status":"open","sticky":false,"template":"","format":"standard","meta":{"footnotes":""},"categories":[2],"tags":[],"class_list":["post-1375","post","type-post","status-publish","format-standard","hentry","category-nachrichten","entry"],"_links":{"self":[{"href":"https:\/\/codexflores.ch\/index.php\/wp-json\/wp\/v2\/posts\/1375","targetHints":{"allow":["GET"]}}],"collection":[{"href":"https:\/\/codexflores.ch\/index.php\/wp-json\/wp\/v2\/posts"}],"about":[{"href":"https:\/\/codexflores.ch\/index.php\/wp-json\/wp\/v2\/types\/post"}],"author":[{"embeddable":true,"href":"https:\/\/codexflores.ch\/index.php\/wp-json\/wp\/v2\/users\/1"}],"replies":[{"embeddable":true,"href":"https:\/\/codexflores.ch\/index.php\/wp-json\/wp\/v2\/comments?post=1375"}],"version-history":[{"count":0,"href":"https:\/\/codexflores.ch\/index.php\/wp-json\/wp\/v2\/posts\/1375\/revisions"}],"wp:attachment":[{"href":"https:\/\/codexflores.ch\/index.php\/wp-json\/wp\/v2\/media?parent=1375"}],"wp:term":[{"taxonomy":"category","embeddable":true,"href":"https:\/\/codexflores.ch\/index.php\/wp-json\/wp\/v2\/categories?post=1375"},{"taxonomy":"post_tag","embeddable":true,"href":"https:\/\/codexflores.ch\/index.php\/wp-json\/wp\/v2\/tags?post=1375"}],"curies":[{"name":"wp","href":"https:\/\/api.w.org\/{rel}","templated":true}]}}