{"id":1376,"date":"2014-04-24T05:53:39","date_gmt":"2014-04-24T05:53:39","guid":{"rendered":"https:\/\/codexflores.ch\/index.php\/2014\/04\/24\/dijkstra-musikalischer-leiter-des-nederlands-kamerkoor\/"},"modified":"2014-04-24T05:53:39","modified_gmt":"2014-04-24T05:53:39","slug":"dijkstra-musikalischer-leiter-des-nederlands-kamerkoor","status":"publish","type":"post","link":"https:\/\/codexflores.ch\/index.php\/2014\/04\/24\/dijkstra-musikalischer-leiter-des-nederlands-kamerkoor\/","title":{"rendered":"Dijkstra musikalischer Leiter des Nederlands Kamerkoor"},"content":{"rendered":"<p><span style=\"font-family: arial,helvetica,sans-serif; font-size: small;\">24.04.2014 &#8212; Der niederl\u00e4ndische Dirigent Peter Dijkstra, der seit 2005 als K\u00fcnstlerischer Leiter beim Chor des Bayerischen Rundfunks amtet, wird musikalischer Leiter des Nederlands Kamerkoor, mit dem er bereits als Gastdirigent verbunden ist.<\/span><\/p>\n<p><strong><span style=\"font-family: arial,helvetica,sans-serif; font-size: small;\">24.04.2014 &#8212; Der niederl\u00e4ndische Dirigent Peter Dijkstra, der seit 2005 als K\u00fcnstlerischer Leiter beim Chor des Bayerischen Rundfunks amtet, wird musikalischer Leiter des Nederlands Kamerkoor, mit dem er bereits als Gastdirigent verbunden ist.<\/span><\/strong><\/p>\n<p><span style=\"font-family: arial,helvetica,sans-serif; font-size: small;\">\u00a0<\/span><\/p>\n<p><span style=\"font-family: arial,helvetica,sans-serif; font-size: small;\">Dijkstra, ein Absolvent des Koninklijk Conservatorium Den Haag und der K\u00f6niglichen Musikhochschule Stockholm, ist seit 2005 K\u00fcnstlerischer Leiter beim Chor des Bayerischen Rundfunks. Seit 2007 ist er \u00fcberdies Chefdirigent des Schwedischen Rundfunkchores.<\/span><\/p>\n<p><span style=\"font-family: arial,helvetica,sans-serif; font-size: small;\">\u00a0<\/span><\/p>\n<p><span style=\"font-family: arial,helvetica,sans-serif; font-size: small;\"><span>Der <span style=\"font-family: arial,helvetica,sans-serif; font-size: small;\">Nederlands Kamerkoor ist ein unabh\u00e4ngiges professionelles Ensemble, das 1937 von\u00a0<span style=\"font-family: arial,helvetica,sans-serif; font-size: small;\"><span>Felix de Nobel <\/span><\/span>geger\u00fcndet wurde, urspr\u00fcnglich, um f\u00fcr das holl\u00e4ndische Radio Bach-Kantaten einzuspielen. Es wird seit 2011 vom jungen estnischen Dirigenten Risto Joost geleitet, der nun von Dijkstra abgel\u00f6st wird. <em>(cf)<\/em><\/span><\/span><\/span><\/p>\n<p>\u00a0<\/p>\n<p><span style=\"font-family: arial,helvetica,sans-serif; font-size: small;\">\u00a0<\/span><\/p>\n<p><span style=\"font-family: arial,helvetica,sans-serif; font-size: small;\">\u00a0<\/span><\/p>\n","protected":false},"excerpt":{"rendered":"<p><span style=\"font-family: arial,helvetica,sans-serif; font-size: small;\">24.04.2014 &#8212; Der niederl\u00e4ndische Dirigent Peter Dijkstra, der seit 2005 als K\u00fcnstlerischer Leiter beim Chor des Bayerischen Rundfunks amtet, wird musikalischer Leiter des Nederlands Kamerkoor, mit dem er bereits als Gastdirigent verbunden ist.<\/span><\/p>\n","protected":false},"author":1,"featured_media":0,"comment_status":"open","ping_status":"open","sticky":false,"template":"","format":"standard","meta":{"footnotes":""},"categories":[2],"tags":[],"class_list":["post-1376","post","type-post","status-publish","format-standard","hentry","category-nachrichten","entry"],"_links":{"self":[{"href":"https:\/\/codexflores.ch\/index.php\/wp-json\/wp\/v2\/posts\/1376","targetHints":{"allow":["GET"]}}],"collection":[{"href":"https:\/\/codexflores.ch\/index.php\/wp-json\/wp\/v2\/posts"}],"about":[{"href":"https:\/\/codexflores.ch\/index.php\/wp-json\/wp\/v2\/types\/post"}],"author":[{"embeddable":true,"href":"https:\/\/codexflores.ch\/index.php\/wp-json\/wp\/v2\/users\/1"}],"replies":[{"embeddable":true,"href":"https:\/\/codexflores.ch\/index.php\/wp-json\/wp\/v2\/comments?post=1376"}],"version-history":[{"count":0,"href":"https:\/\/codexflores.ch\/index.php\/wp-json\/wp\/v2\/posts\/1376\/revisions"}],"wp:attachment":[{"href":"https:\/\/codexflores.ch\/index.php\/wp-json\/wp\/v2\/media?parent=1376"}],"wp:term":[{"taxonomy":"category","embeddable":true,"href":"https:\/\/codexflores.ch\/index.php\/wp-json\/wp\/v2\/categories?post=1376"},{"taxonomy":"post_tag","embeddable":true,"href":"https:\/\/codexflores.ch\/index.php\/wp-json\/wp\/v2\/tags?post=1376"}],"curies":[{"name":"wp","href":"https:\/\/api.w.org\/{rel}","templated":true}]}}