{"id":1378,"date":"2014-04-25T06:40:21","date_gmt":"2014-04-25T06:40:21","guid":{"rendered":"https:\/\/codexflores.ch\/index.php\/2014\/04\/25\/innsbrucker-festwochen-im-minus\/"},"modified":"2014-04-25T06:40:21","modified_gmt":"2014-04-25T06:40:21","slug":"innsbrucker-festwochen-im-minus","status":"publish","type":"post","link":"https:\/\/codexflores.ch\/index.php\/2014\/04\/25\/innsbrucker-festwochen-im-minus\/","title":{"rendered":"Innsbrucker Festwochen im Minus"},"content":{"rendered":"<p><span style=\"font-family: arial,helvetica,sans-serif; font-size: small;\">25.04.2014 &#8212; Die Innsbrucker Festwochen der Alten Musik schreiben ein Defizit. Es ist gr\u00f6sser als zun\u00e4chst kommuniziert und zum Teil Folge davon, dass die fr\u00fchere Gesch\u00e4ftsf\u00fchrerin Christa Redik \u00abvergessen hatte, beim Bund Subventionen zu beantragen\u00bb.<\/span><\/p>\n<p>\u00a0<\/p>\n<p><strong><span style=\"font-family: arial,helvetica,sans-serif; font-size: small;\">25.04.2014 &#8212; Die Innsbrucker Festwochen der Alten Musik schreiben ein Defizit. Es ist gr\u00f6sser als zun\u00e4chst kommuniziert und zum Teil Folge davon, dass die fr\u00fchere Gesch\u00e4ftsf\u00fchrerin Christa Redik \u00abvergessen hatte, beim Bund Subventionen zu beantragen\u00bb.<\/span><\/strong><\/p>\n<p><span style=\"font-family: arial,helvetica,sans-serif; font-size: small;\">\u00a0<\/span><\/p>\n<p><span style=\"font-family: arial,helvetica,sans-serif; font-size: small;\">Laut lokalen Pressemeldungen bel\u00e4uft sich der Fehlbetrag per Ende\u00a0 2013 auf\u00a0 641&#8217;744 Euro, Hinzu kommen <span style=\"font-family: arial,helvetica,sans-serif; font-size: small;\">noch Verbindlichkeiten in H\u00f6he von \u00fcber 250.000 Euro aus lohnabh\u00e4ngigen Abgaben von 2009 bis 2012, schreibt d<em>er Standard<\/em>.<\/span> Zuvor war bloss von einem Defizit von 330&#8217;000 Euro die Rede. <\/span><\/p>\n<p><span style=\"font-family: arial,helvetica,sans-serif; font-size: small;\">\u00a0<\/span><\/p>\n<p><span style=\"font-family: arial,helvetica,sans-serif; font-size: small;\">Die Festwochen-Gesellschafter Land und Stadt haben den Vertrag mit Redik im Dezember nach dem Bekanntwerden des Vers\u00e4umnisses aufgel\u00f6st. Ihre Funktion \u00fcbernimmt ab <span style=\"font-family: arial,helvetica,sans-serif; font-size: small;\">1. Mai d<\/span>er deutsche Kulturmanager Markus Korselt. <em>(cf)<\/em><br \/><\/span><\/p>\n","protected":false},"excerpt":{"rendered":"<p><span style=\"font-family: arial,helvetica,sans-serif; font-size: small;\">25.04.2014 &#8212; Die Innsbrucker Festwochen der Alten Musik schreiben ein Defizit. Es ist gr\u00f6sser als zun\u00e4chst kommuniziert und zum Teil Folge davon, dass die fr\u00fchere Gesch\u00e4ftsf\u00fchrerin Christa Redik \u00abvergessen hatte, beim Bund Subventionen zu beantragen\u00bb.<\/span><\/p>\n","protected":false},"author":1,"featured_media":0,"comment_status":"open","ping_status":"open","sticky":false,"template":"","format":"standard","meta":{"footnotes":""},"categories":[2],"tags":[],"class_list":["post-1378","post","type-post","status-publish","format-standard","hentry","category-nachrichten","entry"],"_links":{"self":[{"href":"https:\/\/codexflores.ch\/index.php\/wp-json\/wp\/v2\/posts\/1378","targetHints":{"allow":["GET"]}}],"collection":[{"href":"https:\/\/codexflores.ch\/index.php\/wp-json\/wp\/v2\/posts"}],"about":[{"href":"https:\/\/codexflores.ch\/index.php\/wp-json\/wp\/v2\/types\/post"}],"author":[{"embeddable":true,"href":"https:\/\/codexflores.ch\/index.php\/wp-json\/wp\/v2\/users\/1"}],"replies":[{"embeddable":true,"href":"https:\/\/codexflores.ch\/index.php\/wp-json\/wp\/v2\/comments?post=1378"}],"version-history":[{"count":0,"href":"https:\/\/codexflores.ch\/index.php\/wp-json\/wp\/v2\/posts\/1378\/revisions"}],"wp:attachment":[{"href":"https:\/\/codexflores.ch\/index.php\/wp-json\/wp\/v2\/media?parent=1378"}],"wp:term":[{"taxonomy":"category","embeddable":true,"href":"https:\/\/codexflores.ch\/index.php\/wp-json\/wp\/v2\/categories?post=1378"},{"taxonomy":"post_tag","embeddable":true,"href":"https:\/\/codexflores.ch\/index.php\/wp-json\/wp\/v2\/tags?post=1378"}],"curies":[{"name":"wp","href":"https:\/\/api.w.org\/{rel}","templated":true}]}}