{"id":1379,"date":"2014-04-25T06:51:32","date_gmt":"2014-04-25T06:51:32","guid":{"rendered":"https:\/\/codexflores.ch\/index.php\/2014\/04\/25\/ben-heppner-beendet-seine-karriere\/"},"modified":"2014-04-25T06:51:32","modified_gmt":"2014-04-25T06:51:32","slug":"ben-heppner-beendet-seine-karriere","status":"publish","type":"post","link":"https:\/\/codexflores.ch\/index.php\/2014\/04\/25\/ben-heppner-beendet-seine-karriere\/","title":{"rendered":"Ben Heppner beendet seine Karriere"},"content":{"rendered":"<p><span style=\"font-family: arial,helvetica,sans-serif; font-size: small;\">25.04.2014 &#8212; Der Tenor Ben Heppner hat angek\u00fcndigt, dass er seine Karriere beendet. Er werde einen konsequenten Schlussstrich ziehen, erkl\u00e4rt der S\u00e4nger.<\/span><\/p>\n<p><span style=\"font-family: arial,helvetica,sans-serif; font-size: small;\"><strong>25.04.2014 &#8212; Der Tenor Ben Heppner hat angek\u00fcndigt, dass er seine Karriere beendet. Er werde einen konsequenten Schlussstrich ziehen, erkl\u00e4rt der S\u00e4nger.<\/strong><\/span><\/p>\n<p><span style=\"font-family: arial,helvetica,sans-serif; font-size: small;\">\u00a0<\/span><\/p>\n<p><span style=\"font-family: arial,helvetica,sans-serif; font-size: small;\">Laut kanadischen Presseberichten will Heppner sein Engagement als Moderator einer Radiosendung weiterf\u00fchren und im Rahmen von Meisterklassen unterrichten sowie Coachingaufgaben \u00fcbernehmen. Auch als Jurymitglied von Gesangswettbewerben\u00a0 stehe er weiterhin zur Verf\u00fcgung.<\/span><\/p>\n<p><span style=\"font-family: arial,helvetica,sans-serif; font-size: small;\">\u00a0 <\/span><\/p>\n<p><span style=\"font-family: arial,helvetica,sans-serif; font-size: small;\">Der 1956 in Murrayville, British Columbia, geborene kanadische S\u00e4nger Heppner gilt als einer der bedeutendsten Heldentenore der Zeit. Er hatte bisher aus famili\u00e4ren Gr\u00fcnden seine Auftritte auf h\u00f6chstens f\u00fcnfzig pro Jahr beschr\u00e4nkt.<em> (cf)<\/em><\/span><\/p>\n","protected":false},"excerpt":{"rendered":"<p><span style=\"font-family: arial,helvetica,sans-serif; font-size: small;\">25.04.2014 &#8212; Der Tenor Ben Heppner hat angek\u00fcndigt, dass er seine Karriere beendet. Er werde einen konsequenten Schlussstrich ziehen, erkl\u00e4rt der S\u00e4nger.<\/span><\/p>\n","protected":false},"author":1,"featured_media":0,"comment_status":"open","ping_status":"open","sticky":false,"template":"","format":"standard","meta":{"footnotes":""},"categories":[2],"tags":[],"class_list":["post-1379","post","type-post","status-publish","format-standard","hentry","category-nachrichten","entry"],"_links":{"self":[{"href":"https:\/\/codexflores.ch\/index.php\/wp-json\/wp\/v2\/posts\/1379","targetHints":{"allow":["GET"]}}],"collection":[{"href":"https:\/\/codexflores.ch\/index.php\/wp-json\/wp\/v2\/posts"}],"about":[{"href":"https:\/\/codexflores.ch\/index.php\/wp-json\/wp\/v2\/types\/post"}],"author":[{"embeddable":true,"href":"https:\/\/codexflores.ch\/index.php\/wp-json\/wp\/v2\/users\/1"}],"replies":[{"embeddable":true,"href":"https:\/\/codexflores.ch\/index.php\/wp-json\/wp\/v2\/comments?post=1379"}],"version-history":[{"count":0,"href":"https:\/\/codexflores.ch\/index.php\/wp-json\/wp\/v2\/posts\/1379\/revisions"}],"wp:attachment":[{"href":"https:\/\/codexflores.ch\/index.php\/wp-json\/wp\/v2\/media?parent=1379"}],"wp:term":[{"taxonomy":"category","embeddable":true,"href":"https:\/\/codexflores.ch\/index.php\/wp-json\/wp\/v2\/categories?post=1379"},{"taxonomy":"post_tag","embeddable":true,"href":"https:\/\/codexflores.ch\/index.php\/wp-json\/wp\/v2\/tags?post=1379"}],"curies":[{"name":"wp","href":"https:\/\/api.w.org\/{rel}","templated":true}]}}