{"id":138,"date":"2014-01-09T13:40:38","date_gmt":"2014-01-09T13:40:38","guid":{"rendered":"https:\/\/codexflores.ch\/index.php\/2014\/01\/09\/im-oepfel-schloft-en-baum\/"},"modified":"2014-01-09T13:40:38","modified_gmt":"2014-01-09T13:40:38","slug":"im-oepfel-schloft-en-baum","status":"publish","type":"post","link":"https:\/\/codexflores.ch\/index.php\/2014\/01\/09\/im-oepfel-schloft-en-baum\/","title":{"rendered":"Im \u00d6pfel schloft en Baum"},"content":{"rendered":"<p><span class=\"txt-m-black\"><img decoding=\"async\" src=\"http:\/\/212.60.37.143\/bilder\/2011\/111223bardill.jpg\" border=\"0\" align=\"left\" \/><em>23.12.2011 &#8212;<\/em> Winter, Jahresend, das ist die Zeit der Geschichten und des Geschichtenerz\u00e4hlens. Da hinein passt wunderbar eine verspielt-poetische CD, mit der das Migros-Label Musiques Suisses auf den Reichtum des einheimischen Musikschaffens \u00ababseits des Mainstreams\u00bb hinweisen will. Die Entstehung der Silberscheibe selber ist schon eine Geschichte von einem der auszog \u2013 Claudio Danuser, der Projektleiter der Reihe, kontaktierte den Liedermacher Linard Bardill, B\u00fcnder wie er selber. Er schlug ihm vor, aus rund 50 CD St\u00fccke auszuw\u00e4hlen und daraus eine Geschichte \u00abherauszuh\u00f6ren\u00bb.<\/p>\n<p> Kernst\u00fcck der so entstandenen Erz\u00e4hlung ist das \u00abrotbaggig Lied\u00bb aus der Musiques-Suisses-CD \u00abChriesibaum im Jahresring\u00bb mit Betty Legler, Christoph Baumann, Hans Kennel und Matthias Ziegler. Darum herum gruppieren sich unter anderem Ausschnitte aus Programmen des Hackbrettspielers T\u00f6bi Tobler, der HujGroup, von Kompilationen des Festivals Alpent\u00f6ne, der F\u00eates des vignerons, ja sogar einem Chorst\u00fcck Wladimir Vogels und George Gruntz\u2019 legend\u00e4rem Schreibmaschinengeklapper an der Expo 64. <\/p>\n<p> Linard Bardill spinnt darum herum eine wunderbar intime und stimmige Fabel mit dem M\u00e4dchen Anschalain, das sich die Welt erobert, als S\u00e4ngerin einiges erlebt, seine Liebe findet und schliesslich zur\u00fcckfindet zu seiner Familie. Und obwohl die musikalischen Untermalungen aus den verschiedensten Ecken des zeitgen\u00f6ssischen schweizerischen Musikschaffens zusammengebunden worden sind, wirkt \u00abIm \u00d6pfel schloft en Baum \u2013 E Gschicht vom Linard Bardill mit Musig us der Schwiiz\u00bb wie aus einem Guss. <\/p>\n<p> Die Produktion hat bloss einen Nachteil, und den bedauert man: Man kann damit nat\u00fcrlich nicht auf Tournee gehen. So bleibt die Silbescheibe dem pers\u00f6nlichen Erleben im privaten, famili\u00e4ren Kreis \u2013 vielleicht an einem lauschigen Abend in den Skiferien? \u2013 vorbehalten. Man macht dabei einige lohnende musikalische Entdeckungen. <em>(wb)<\/em><\/p>\n<p> <em><span class=\"txt-s-black\" style=\"font-size: x-small;\">\u00abIm \u00d6pfel schloft en Baum \u2013 E Gschicht vom Linard Bardill mit Musig us der Schwiiz\u00bb, mit Linard Bardill und Auschniten aus CD der Reihe Musiques Suisses. 48\u201918\u2019\u2019, MGB 6270. Bezugsnachweis: <a href=\"http:\/\/www.musiques-suisses.ch\" target=\"blank\" rel=\"noopener noreferrer\">www.musiques-suisses.ch<\/a> <\/span><\/em><\/span><\/p>\n","protected":false},"excerpt":{"rendered":"<p>23.12.2011 &#8212; Winter, Jahresend, das ist die Zeit der Geschichten und des Geschichtenerz\u00e4hlens. Da hinein passt wunderbar eine verspielt-poetische CD,&#8230;<\/p>\n","protected":false},"author":1,"featured_media":0,"comment_status":"open","ping_status":"open","sticky":false,"template":"","format":"standard","meta":{"footnotes":""},"categories":[4],"tags":[],"class_list":["post-138","post","type-post","status-publish","format-standard","hentry","category-im-gespraech","entry"],"_links":{"self":[{"href":"https:\/\/codexflores.ch\/index.php\/wp-json\/wp\/v2\/posts\/138","targetHints":{"allow":["GET"]}}],"collection":[{"href":"https:\/\/codexflores.ch\/index.php\/wp-json\/wp\/v2\/posts"}],"about":[{"href":"https:\/\/codexflores.ch\/index.php\/wp-json\/wp\/v2\/types\/post"}],"author":[{"embeddable":true,"href":"https:\/\/codexflores.ch\/index.php\/wp-json\/wp\/v2\/users\/1"}],"replies":[{"embeddable":true,"href":"https:\/\/codexflores.ch\/index.php\/wp-json\/wp\/v2\/comments?post=138"}],"version-history":[{"count":0,"href":"https:\/\/codexflores.ch\/index.php\/wp-json\/wp\/v2\/posts\/138\/revisions"}],"wp:attachment":[{"href":"https:\/\/codexflores.ch\/index.php\/wp-json\/wp\/v2\/media?parent=138"}],"wp:term":[{"taxonomy":"category","embeddable":true,"href":"https:\/\/codexflores.ch\/index.php\/wp-json\/wp\/v2\/categories?post=138"},{"taxonomy":"post_tag","embeddable":true,"href":"https:\/\/codexflores.ch\/index.php\/wp-json\/wp\/v2\/tags?post=138"}],"curies":[{"name":"wp","href":"https:\/\/api.w.org\/{rel}","templated":true}]}}