{"id":1383,"date":"2014-04-28T06:45:02","date_gmt":"2014-04-28T06:45:02","guid":{"rendered":"https:\/\/codexflores.ch\/index.php\/2014\/04\/28\/jose-carreras-kehrt-auf-die-opernbuehne-zurueck\/"},"modified":"2014-04-28T06:45:02","modified_gmt":"2014-04-28T06:45:02","slug":"jose-carreras-kehrt-auf-die-opernbuehne-zurueck","status":"publish","type":"post","link":"https:\/\/codexflores.ch\/index.php\/2014\/04\/28\/jose-carreras-kehrt-auf-die-opernbuehne-zurueck\/","title":{"rendered":"Jos\u00e9 Carreras kehrt auf die Opernb\u00fchne zur\u00fcck"},"content":{"rendered":"<p><span style=\"font-family: arial,helvetica,sans-serif; font-size: small;\">28.04.2014 &#8212; Der Komponist Christian Kolonovits hat f\u00fcr Jos\u00e9 Carreras eine Oper geschrieben, mit welcher der spanische Tenor auf die Opernb\u00fchne zur\u00fcckkehren wird &#8211; offizielle Urauff\u00fchrung von <em>El Juez<\/em> ist am 9. August 2014 im Rahmen der Tiroler Festspiele Erl.<\/span><\/p>\n<p><span style=\"font-family: arial,helvetica,sans-serif; font-size: small;\"><strong>28.04.2014 &#8212; Der Komponist Christian Kolonovits hat f\u00fcr Jos\u00e9 Carreras eine Oper geschrieben, mit welcher der spanische Tenor auf die Opernb\u00fchne zur\u00fcckkehren wird &#8211; offizielle Urauf\u00fchrung von <em>El Juez<\/em> ist am 9. August 2014 im Rahmen der Tiroler Festspiele Erl.<\/strong><\/span><\/p>\n<p><span style=\"font-family: arial,helvetica,sans-serif; font-size: small;\"><strong>\u00a0<\/strong><\/span><\/p>\n<p><span style=\"font-family: arial,helvetica,sans-serif; font-size: small;\">Eine Vorpremiere hat das Werk im Teatro Arriaga Antzokia<span style=\"font-family: arial,helvetica,sans-serif; font-size: small;\"> in Bilbao<\/span> laut internationalen Presseberichten mit Erfolg erlebt. In Barcelona sind zudem Dreharbeiten zu einer 60-min\u00fctigen TV-Dokumentation \u00fcber <em>El Juez <\/em>durch aufgenommen worden. Erste Aussendrehs fanden in Barcelona sowie im Kloster von Montserrat statt, wo Christian Kolonovits zahlreiche Dokumente einsehen konnte, die er f\u00fcr seine Oper ben\u00f6tigte. Abschliessende Dreharbeiten sind dann im Umfeld der Urauff\u00fchrung in Erl geplant.<\/span><\/p>\n<p><span style=\"font-family: arial,helvetica,sans-serif; font-size: small;\">\u00a0<\/span><\/p>\n<p><span style=\"font-family: arial,helvetica,sans-serif; font-size: small;\">2009 zog sich Carreras von der Opernb\u00fchne zur\u00fcck. Der britischen Zeitung <em><span style=\"font-family: arial,helvetica,sans-serif; font-size: small;\">The Times<\/span><\/em> gegen\u00fcber erkl\u00e4rte er damals, er f\u00fchle sich den k\u00f6rperlichen Strapazen einer B\u00fchnenrolle nicht mehr gewachsen und werde sich auf Konzerte beschr\u00e4nken.<\/span><\/p>\n<p><span style=\"font-family: arial,helvetica,sans-serif; font-size: small;\">\u00a0<\/span><\/p>\n<p><span style=\"font-family: arial,helvetica,sans-serif; font-size: small;\">Die Oper <em>El Juez<\/em> basiert auf einem Libretto von Angelika Messner und erz\u00e4hlt in einer fiktiven Geschichte das Schicksal der Kinder, die w\u00e4hrend der Franco-Diktatur in Kl\u00f6ster abgeschoben wurden. Regie f\u00fchrt der bekannte spanische Regisseur Emilio Sagi. <em>(cf)<\/em><\/span><\/p>\n","protected":false},"excerpt":{"rendered":"<p><span style=\"font-family: arial,helvetica,sans-serif; font-size: small;\">28.04.2014 &#8212; Der Komponist Christian Kolonovits hat f\u00fcr Jos\u00e9 Carreras eine Oper geschrieben, mit welcher der spanische Tenor auf die Opernb\u00fchne zur\u00fcckkehren wird &#8211; offizielle Urauff\u00fchrung von <em>El Juez<\/em> ist am 9. August 2014 im Rahmen der Tiroler Festspiele Erl.<\/span><\/p>\n","protected":false},"author":1,"featured_media":0,"comment_status":"open","ping_status":"open","sticky":false,"template":"","format":"standard","meta":{"footnotes":""},"categories":[2],"tags":[],"class_list":["post-1383","post","type-post","status-publish","format-standard","hentry","category-nachrichten","entry"],"_links":{"self":[{"href":"https:\/\/codexflores.ch\/index.php\/wp-json\/wp\/v2\/posts\/1383","targetHints":{"allow":["GET"]}}],"collection":[{"href":"https:\/\/codexflores.ch\/index.php\/wp-json\/wp\/v2\/posts"}],"about":[{"href":"https:\/\/codexflores.ch\/index.php\/wp-json\/wp\/v2\/types\/post"}],"author":[{"embeddable":true,"href":"https:\/\/codexflores.ch\/index.php\/wp-json\/wp\/v2\/users\/1"}],"replies":[{"embeddable":true,"href":"https:\/\/codexflores.ch\/index.php\/wp-json\/wp\/v2\/comments?post=1383"}],"version-history":[{"count":0,"href":"https:\/\/codexflores.ch\/index.php\/wp-json\/wp\/v2\/posts\/1383\/revisions"}],"wp:attachment":[{"href":"https:\/\/codexflores.ch\/index.php\/wp-json\/wp\/v2\/media?parent=1383"}],"wp:term":[{"taxonomy":"category","embeddable":true,"href":"https:\/\/codexflores.ch\/index.php\/wp-json\/wp\/v2\/categories?post=1383"},{"taxonomy":"post_tag","embeddable":true,"href":"https:\/\/codexflores.ch\/index.php\/wp-json\/wp\/v2\/tags?post=1383"}],"curies":[{"name":"wp","href":"https:\/\/api.w.org\/{rel}","templated":true}]}}