{"id":1388,"date":"2014-04-30T06:27:01","date_gmt":"2014-04-30T06:27:01","guid":{"rendered":"https:\/\/codexflores.ch\/index.php\/2014\/04\/30\/saisonausblick-14-15-von-konzert-theater-bern\/"},"modified":"2014-04-30T06:27:01","modified_gmt":"2014-04-30T06:27:01","slug":"saisonausblick-14-15-von-konzert-theater-bern","status":"publish","type":"post","link":"https:\/\/codexflores.ch\/index.php\/2014\/04\/30\/saisonausblick-14-15-von-konzert-theater-bern\/","title":{"rendered":"Saisonausblick 14\/15 von Konzert Theater Bern"},"content":{"rendered":"<p>30.04.2014 &#8212; Mit der Saison 2014\/15 geht Konzert Theater Bern in die erste Spielzeit, die sp\u00fcrbar von der Sanierung des Berner Stadttheaters gepr\u00e4gt sein wird. F\u00fcr die Renovationen, die im Zuschauerbereich vorgenommen werden sollen, wird das Haus ab Ende M\u00e4rz 2015 geschlossen.<\/p>\n<p><strong>30.04.2014 &#8212; Mit der Saison 2014\/15 geht Konzert Theater Bern unter der Intendanz von Stephan M\u00e4rki in die erste Spielzeit, die sp\u00fcrbar von der Sanierung des Berner Stadttheaters gepr\u00e4gt sein wird. F\u00fcr die Renovationen, die im Zuschauerbereich vorgenommen werden sollen, wird das Haus ab Ende M\u00e4rz 2015 geschlossen.<\/strong><\/p>\n<p>\u00a0<\/p>\n<p>Das Musiktheater er\u00f6ffnet die Spielzeit mit Glucks \u00abArmide\u00bb. Zudem wird zu Beginn der Spielzeit in Zusammenarbeit mit der M\u00fcnchener Biennale f\u00fcr neues Musiktheater, der Hochschule der K\u00fcnste Bern und der Biennale Bern die Internationale Plattform neues Musiktheater veranstaltet. Im Repertoire wird Nigel Lowery sein Bern-Deb\u00fct geben und seine Interpretation der \u00abZauberfl\u00f6te\u00bb im Gesamtkonzept von Regie, B\u00fchne und Kost\u00fcm pr\u00e4sentieren. Monteverdis \u00abL\u2019Orfeo\u00bb gibt es mit der Camerata Bern. Gespielt wird zudem Strauss` \u00abSalome\u00bb sowie Bart\u00f3ks \u00abHerzog Blaubarts Burg\u00bb, das wegen der Sanierung in der Grossen Halle der Reitschule Bern zu sehen ist.<\/p>\n<p>\u00a0<\/p>\n<p>F\u00fcr den Nachwuchs stehen eine \u00abZauberfl\u00f6te f\u00fcr Kinder\u00bb und Sophie Kassies St\u00fcck \u00abSchaf\u00bb auf dem Spielplan. Wiederaufgenommen wird \u00abLa Cenerentola \/ Aschenbr\u00f6del\u00bb.<\/p>\n<p>\u00a0<\/p>\n<p>In der Saison des Berner Symphonieorchesters (BSO) wird Mario Venzagos Bruckner-Zyklus fortgesetzt, mit der 2. und 8. Symphonie. Am Neujahrskonzert tritt der Percussionist Martin Grubinger mit dem Orchester auf. Im Rahmen eines\u00a0 Festivals \u00abBeethoven@Bern\u00bb werden alle Klavierkonzerte des Wiener Klassikers an einem Wochenende mit zahlreichen Solisten pr\u00e4sentiert.<\/p>\n<p>\u00a0<\/p>\n<p>Im April 2015, geht das BSO auf Gastspielreise nach London, mit Werken von Beethoven, Sibelius und Brahms. Das Schweizer Musikkschaffen kommt mit Werken von Schoeck, Klaus Huber, Dieter Ammann und Paul Juon zum Zug. Der Schweizer Pianist Oliver Schnyder ist zudem erster <em>Artiste \u00e9toile<\/em>\u00a0 des BSO. Uraufgef\u00fchrt wird ein Werk von Jean-Luc Darbellay.\u00a0 <em>(cf)<\/em><\/p>\n","protected":false},"excerpt":{"rendered":"<p>30.04.2014 &#8212; Mit der Saison 2014\/15 geht Konzert Theater Bern in die erste Spielzeit, die sp\u00fcrbar von der Sanierung des Berner Stadttheaters gepr\u00e4gt sein wird. F\u00fcr die Renovationen, die im Zuschauerbereich vorgenommen werden sollen, wird das Haus ab Ende M\u00e4rz 2015 geschlossen.<\/p>\n","protected":false},"author":1,"featured_media":0,"comment_status":"open","ping_status":"open","sticky":false,"template":"","format":"standard","meta":{"footnotes":""},"categories":[2],"tags":[],"class_list":["post-1388","post","type-post","status-publish","format-standard","hentry","category-nachrichten","entry"],"_links":{"self":[{"href":"https:\/\/codexflores.ch\/index.php\/wp-json\/wp\/v2\/posts\/1388","targetHints":{"allow":["GET"]}}],"collection":[{"href":"https:\/\/codexflores.ch\/index.php\/wp-json\/wp\/v2\/posts"}],"about":[{"href":"https:\/\/codexflores.ch\/index.php\/wp-json\/wp\/v2\/types\/post"}],"author":[{"embeddable":true,"href":"https:\/\/codexflores.ch\/index.php\/wp-json\/wp\/v2\/users\/1"}],"replies":[{"embeddable":true,"href":"https:\/\/codexflores.ch\/index.php\/wp-json\/wp\/v2\/comments?post=1388"}],"version-history":[{"count":0,"href":"https:\/\/codexflores.ch\/index.php\/wp-json\/wp\/v2\/posts\/1388\/revisions"}],"wp:attachment":[{"href":"https:\/\/codexflores.ch\/index.php\/wp-json\/wp\/v2\/media?parent=1388"}],"wp:term":[{"taxonomy":"category","embeddable":true,"href":"https:\/\/codexflores.ch\/index.php\/wp-json\/wp\/v2\/categories?post=1388"},{"taxonomy":"post_tag","embeddable":true,"href":"https:\/\/codexflores.ch\/index.php\/wp-json\/wp\/v2\/tags?post=1388"}],"curies":[{"name":"wp","href":"https:\/\/api.w.org\/{rel}","templated":true}]}}