{"id":1389,"date":"2014-04-30T06:51:01","date_gmt":"2014-04-30T06:51:01","guid":{"rendered":"https:\/\/codexflores.ch\/index.php\/2014\/04\/30\/pereiras-amtsantritt-als-scala-intendant-in-frage-gestellt\/"},"modified":"2014-04-30T06:51:01","modified_gmt":"2014-04-30T06:51:01","slug":"pereiras-amtsantritt-als-scala-intendant-in-frage-gestellt","status":"publish","type":"post","link":"https:\/\/codexflores.ch\/index.php\/2014\/04\/30\/pereiras-amtsantritt-als-scala-intendant-in-frage-gestellt\/","title":{"rendered":"Pereiras Amtsantritt als Scala-Intendant in Frage gestellt"},"content":{"rendered":"<p><span style=\"font-family: arial,helvetica,sans-serif; font-size: small;\">30.04.2014 &#8212; Ob Alexander Pereira sein Amt als Intendant der Mail\u00e4nder Scala tats\u00e4chlich antreten wird, ist nicht mehr so sicher. Italienische und \u00f6sterreichische Medien berichten von Neuerw\u00e4gungen zu der Personalie.<\/span><\/p>\n<p>\u00a0<\/p>\n<p><strong><span style=\"font-family: arial,helvetica,sans-serif; font-size: small;\"><span style=\"font-family: arial,helvetica,sans-serif; font-size: small;\">30.04.2014 &#8212;\u00a0<span style=\"font-family: arial,helvetica,sans-serif; font-size: small;\">Ob Alexander Pereira sein Amt als Intendant der Mail\u00e4nder Scala tats\u00e4chlich antreten wird, ist nicht mehr so sicher.<\/span> Italienische und \u00f6sterreichische Medien berichten von Neuerw\u00e4gungen zu der Personalie.<\/span><\/span><\/strong><\/p>\n<p>\u00a0<\/p>\n<p>\u00a0<\/p>\n<p>Anlass der Neuverhandlungen sind Opernproduktionen der Salzburger Festspiele, die Pereira als Noch-Leiter in Salzburg faktisch sich selber als k\u00fcnftigem Intendant der Scala nach Mailand verkauft hat. Vermutet wird dahinter das Bem\u00fchen, das finanzielle Resultat in Salzburg auf Kosten der Scala aufzubessern. Laut der Zeitung <em>La Stampa<\/em> soll Pereira zu einem Verzicht auf den Mail\u00e4nder Posten bewegt werden. Hinter einem entsprechenden Komplott (O-Ton ORF) sollen <span style=\"font-family: arial,helvetica,sans-serif; font-size: small;\">Vertreter der Region Lombardei sowie die beiden Repr\u00e4sentanten des Kulturministeriums im Scala-Aufsichtsrat stehen<\/span><\/p>\n<p>\u00a0<\/p>\n<p><span style=\"font-family: arial,helvetica,sans-serif; font-size: small;\">Wie das \u00f6sterreichische Radio und Fernsehen (ORF) weiter schreibt, k\u00f6nnten f\u00fcr Pereiras Zukunft die Stimmen des einflussreichen Vizepr\u00e4sidenten des Aufsichtsrats, Bruno Ermolli, sowie der beiden Banker Giovanni Bazoli und Aldo Poli entscheidend werden.<\/span><\/p>\n<p><span style=\"font-family: arial,helvetica,sans-serif; font-size: small;\">\u00a0<\/span><\/p>\n<p><span style=\"font-family: arial,helvetica,sans-serif; font-size: small;\">Vorerst ist zun\u00e4chst einmal die Pr\u00e4sentation des neuen Spielplanes der Scala verschoben worden. Mailands B\u00fcrgermeister Giuliano Pisapia, der im Scala-Kontrollorgan sitzt, will sich laut ORF mit der Salzburger Festspielpr\u00e4sidentin Helga Rabl-Stadler pers\u00f6nlich aussprechen oder einen Vertreter nach Salzburg entsenden, um die Hintergr\u00fcnde des Operndeals zu ergr\u00fcnden.<em> (cf)<\/em><br \/><\/span><\/p>\n","protected":false},"excerpt":{"rendered":"<p><span style=\"font-family: arial,helvetica,sans-serif; font-size: small;\">30.04.2014 &#8212; Ob Alexander Pereira sein Amt als Intendant der Mail\u00e4nder Scala tats\u00e4chlich antreten wird, ist nicht mehr so sicher. Italienische und \u00f6sterreichische Medien berichten von Neuerw\u00e4gungen zu der Personalie.<\/span><\/p>\n","protected":false},"author":1,"featured_media":0,"comment_status":"open","ping_status":"open","sticky":false,"template":"","format":"standard","meta":{"footnotes":""},"categories":[2],"tags":[],"class_list":["post-1389","post","type-post","status-publish","format-standard","hentry","category-nachrichten","entry"],"_links":{"self":[{"href":"https:\/\/codexflores.ch\/index.php\/wp-json\/wp\/v2\/posts\/1389","targetHints":{"allow":["GET"]}}],"collection":[{"href":"https:\/\/codexflores.ch\/index.php\/wp-json\/wp\/v2\/posts"}],"about":[{"href":"https:\/\/codexflores.ch\/index.php\/wp-json\/wp\/v2\/types\/post"}],"author":[{"embeddable":true,"href":"https:\/\/codexflores.ch\/index.php\/wp-json\/wp\/v2\/users\/1"}],"replies":[{"embeddable":true,"href":"https:\/\/codexflores.ch\/index.php\/wp-json\/wp\/v2\/comments?post=1389"}],"version-history":[{"count":0,"href":"https:\/\/codexflores.ch\/index.php\/wp-json\/wp\/v2\/posts\/1389\/revisions"}],"wp:attachment":[{"href":"https:\/\/codexflores.ch\/index.php\/wp-json\/wp\/v2\/media?parent=1389"}],"wp:term":[{"taxonomy":"category","embeddable":true,"href":"https:\/\/codexflores.ch\/index.php\/wp-json\/wp\/v2\/categories?post=1389"},{"taxonomy":"post_tag","embeddable":true,"href":"https:\/\/codexflores.ch\/index.php\/wp-json\/wp\/v2\/tags?post=1389"}],"curies":[{"name":"wp","href":"https:\/\/api.w.org\/{rel}","templated":true}]}}