{"id":1392,"date":"2014-05-01T05:58:54","date_gmt":"2014-05-01T05:58:54","guid":{"rendered":"https:\/\/codexflores.ch\/index.php\/2014\/05\/01\/daniel-barenboim-gruendet-digitales-musiklabel\/"},"modified":"2014-05-01T05:58:54","modified_gmt":"2014-05-01T05:58:54","slug":"daniel-barenboim-gruendet-digitales-musiklabel","status":"publish","type":"post","link":"https:\/\/codexflores.ch\/index.php\/2014\/05\/01\/daniel-barenboim-gruendet-digitales-musiklabel\/","title":{"rendered":"Daniel Barenboim gr\u00fcndet digitales Musiklabel"},"content":{"rendered":"<p><span style=\"font-family: arial,helvetica,sans-serif; font-size: small;\">01.05.2014 &#8212; Die Klassiklabels sind in Bewegung: Nachdem die Berliner Philharmoniker ein eigenes angek\u00fcndigt haben, pr\u00e4sentiert der Pianist und Dirigent Daniel Barenboim mit\u00a0Peral Music eine Marke ausschliesslich f\u00fcr Downloads.<\/span><\/p>\n<p><strong><span style=\"font-family: arial,helvetica,sans-serif; font-size: small;\">01.05.2014 &#8212; Die Klassiklabels sind in Bewegung: Nachdem die Berliner Philharmoniker ein eigenes angek\u00fcndigt haben, pr\u00e4sentiert der Pianist und Dirigent Daniel Barenboim mit\u00a0Peral Music eine Marke ausschliesslich f\u00fcr Downloads.<\/span><\/strong><\/p>\n<p><span style=\"font-family: arial,helvetica,sans-serif; font-size: small;\">\u00a0<\/span><\/p>\n<p><span style=\"font-family: arial,helvetica,sans-serif; font-size: small;\">Auf Peral Music werden \u2013 in Zusammenarbeit mit Universal Music <span style=\"font-family: arial,helvetica,sans-serif; font-size: small;\">\u2013 <\/span>Daniel Barenboims Aufnahmen als Pianist sowie\u00a0 als Dirigent der Staatskapelle Berlin und des West-Eastern Divan Orchestra erscheinen, aufbereitet f\u00fcr das Abspielen auf mobilen Endger\u00e4ten. Als erste Ver\u00f6ffentlichung ist der erste von zwei Teilen des Bruckner-Sinfonienzyklus von Barenboim und der Staatskapelle Berlin verf\u00fcgbar.<\/span><\/p>\n<p><span style=\"font-family: arial,helvetica,sans-serif; font-size: small;\">\u00a0<\/span><\/p>\n<p><span style=\"font-family: arial,helvetica,sans-serif; font-size: small;\">Peral ist Spanisch f\u00fcr Birnbaum. Birnbaum wiederum lautet die deutsche \u00dcbersetzung f\u00fcr Barenboim aus dem Jiddischen. Darauf nimmt der Architekt Frank Gehry im Logo Bezug, das er f\u00fcr Peral Music gestaltet hat. Eine Note und eine Birne verbinden sich darin. <em>(cf)<\/em><br \/><\/span><\/p>\n<p>\u00a0<\/p>\n","protected":false},"excerpt":{"rendered":"<p><span style=\"font-family: arial,helvetica,sans-serif; font-size: small;\">01.05.2014 &#8212; Die Klassiklabels sind in Bewegung: Nachdem die Berliner Philharmoniker ein eigenes angek\u00fcndigt haben, pr\u00e4sentiert der Pianist und Dirigent Daniel Barenboim mit\u00a0Peral Music eine Marke ausschliesslich f\u00fcr Downloads.<\/span><\/p>\n","protected":false},"author":1,"featured_media":0,"comment_status":"open","ping_status":"open","sticky":false,"template":"","format":"standard","meta":{"footnotes":""},"categories":[2],"tags":[],"class_list":["post-1392","post","type-post","status-publish","format-standard","hentry","category-nachrichten","entry"],"_links":{"self":[{"href":"https:\/\/codexflores.ch\/index.php\/wp-json\/wp\/v2\/posts\/1392","targetHints":{"allow":["GET"]}}],"collection":[{"href":"https:\/\/codexflores.ch\/index.php\/wp-json\/wp\/v2\/posts"}],"about":[{"href":"https:\/\/codexflores.ch\/index.php\/wp-json\/wp\/v2\/types\/post"}],"author":[{"embeddable":true,"href":"https:\/\/codexflores.ch\/index.php\/wp-json\/wp\/v2\/users\/1"}],"replies":[{"embeddable":true,"href":"https:\/\/codexflores.ch\/index.php\/wp-json\/wp\/v2\/comments?post=1392"}],"version-history":[{"count":0,"href":"https:\/\/codexflores.ch\/index.php\/wp-json\/wp\/v2\/posts\/1392\/revisions"}],"wp:attachment":[{"href":"https:\/\/codexflores.ch\/index.php\/wp-json\/wp\/v2\/media?parent=1392"}],"wp:term":[{"taxonomy":"category","embeddable":true,"href":"https:\/\/codexflores.ch\/index.php\/wp-json\/wp\/v2\/categories?post=1392"},{"taxonomy":"post_tag","embeddable":true,"href":"https:\/\/codexflores.ch\/index.php\/wp-json\/wp\/v2\/tags?post=1392"}],"curies":[{"name":"wp","href":"https:\/\/api.w.org\/{rel}","templated":true}]}}