{"id":1393,"date":"2014-05-02T05:48:55","date_gmt":"2014-05-02T05:48:55","guid":{"rendered":"https:\/\/codexflores.ch\/index.php\/2014\/05\/02\/verein-jazzschule-luzern-ehrt-fischermanns-orchestra\/"},"modified":"2014-05-02T05:48:55","modified_gmt":"2014-05-02T05:48:55","slug":"verein-jazzschule-luzern-ehrt-fischermanns-orchestra","status":"publish","type":"post","link":"https:\/\/codexflores.ch\/index.php\/2014\/05\/02\/verein-jazzschule-luzern-ehrt-fischermanns-orchestra\/","title":{"rendered":"Verein Jazzschule Luzern ehrt Fischermanns Orchestra"},"content":{"rendered":"<p><span style=\"font-family: arial,helvetica,sans-serif; font-size: small;\">02.05.2014 &#8212; Zum zweiten Mal hat der Verein Jazzschule Luzern, der den Grundstein f\u00fcr das heutige Institut Jazz der Hochschule Luzern legte, einen Jazzpreis verliehen: Die mit 10&#8217;000 Franken dotierte Auszeichnung ist dem Luzerner Fischermanns Orchestra zugesprochen worden.<\/span><\/p>\n<p><strong><span style=\"font-family: arial,helvetica,sans-serif; font-size: small;\">02.05.2014 &#8212; Zum zweiten Mal hat der Verein Jazzschule Luzern, der den Grundstein f\u00fcr das heutige Institut Jazz der Hochschule Luzern legte, einen Jazzpreis verliehen: Die mit 10&#8217;000 Franken dotierte Auszeichnung ist dem Luzerner Fischermanns Orchestra zugesprochen worden.<\/span><\/strong><\/p>\n<p><span style=\"font-family: arial,helvetica,sans-serif; font-size: small;\">\u00a0 <\/span><\/p>\n<p><span style=\"font-family: arial,helvetica,sans-serif; font-size: small;\">Das Fischermanns Orchestra wird von Thomas Reist geleitet und geh\u00f6rt zu den raren Innerschweizer Grossformationen. Es existiert seit 2007 und tourt in ganz Europa. Die Musik des Ensembles wird laut Eigencharakterisierung \u00abdurch seine Musiker gepr\u00e4gt, die ihre bis nach S\u00fcdamerika und Afrika reichenden Erfahrungen verarbeiten und dabei auch mit zeitgen\u00f6ssischen Formen der Improvisation experimentieren\u00bb.<\/span><\/p>\n<p>\u00a0<\/p>\n<p><span style=\"font-family: arial,helvetica,sans-serif; font-size: small;\">Vergeben hat den Preis eine vierk\u00f6pfige Fachjury unter der Leitung von Hans-Peter Pfammatter, Pianist und Dozent an der Hochschule Luzern.\u00a0<\/span><\/p>\n<p><span style=\"font-family: arial,helvetica,sans-serif; font-size: small;\">\u00a0<\/span><\/p>\n<p><span style=\"font-family: arial,helvetica,sans-serif; font-size: small;\">Der Verein Jazz Schule Luzern (VJSL) hat den Jazzpreis Luzern im Jahr 2012 anl\u00e4sslich seines 40. Geburtstag ins Leben gerufen. Er ehrt damit jeweils ein innovatives und kreatives Projekt, eine Organisation, ein Label, eine Band oder Einzelmusiker mit Bezug zur Region Luzern. <em>(cf)<\/em><\/span><\/p>\n<p>\u00a0<\/p>\n<p>\u00a0<\/p>\n","protected":false},"excerpt":{"rendered":"<p><span style=\"font-family: arial,helvetica,sans-serif; font-size: small;\">02.05.2014 &#8212; Zum zweiten Mal hat der Verein Jazzschule Luzern, der den Grundstein f\u00fcr das heutige Institut Jazz der Hochschule Luzern legte, einen Jazzpreis verliehen: Die mit 10&#8217;000 Franken dotierte Auszeichnung ist dem Luzerner Fischermanns Orchestra zugesprochen worden.<\/span><\/p>\n","protected":false},"author":1,"featured_media":0,"comment_status":"open","ping_status":"open","sticky":false,"template":"","format":"standard","meta":{"footnotes":""},"categories":[2],"tags":[],"class_list":["post-1393","post","type-post","status-publish","format-standard","hentry","category-nachrichten","entry"],"_links":{"self":[{"href":"https:\/\/codexflores.ch\/index.php\/wp-json\/wp\/v2\/posts\/1393","targetHints":{"allow":["GET"]}}],"collection":[{"href":"https:\/\/codexflores.ch\/index.php\/wp-json\/wp\/v2\/posts"}],"about":[{"href":"https:\/\/codexflores.ch\/index.php\/wp-json\/wp\/v2\/types\/post"}],"author":[{"embeddable":true,"href":"https:\/\/codexflores.ch\/index.php\/wp-json\/wp\/v2\/users\/1"}],"replies":[{"embeddable":true,"href":"https:\/\/codexflores.ch\/index.php\/wp-json\/wp\/v2\/comments?post=1393"}],"version-history":[{"count":0,"href":"https:\/\/codexflores.ch\/index.php\/wp-json\/wp\/v2\/posts\/1393\/revisions"}],"wp:attachment":[{"href":"https:\/\/codexflores.ch\/index.php\/wp-json\/wp\/v2\/media?parent=1393"}],"wp:term":[{"taxonomy":"category","embeddable":true,"href":"https:\/\/codexflores.ch\/index.php\/wp-json\/wp\/v2\/categories?post=1393"},{"taxonomy":"post_tag","embeddable":true,"href":"https:\/\/codexflores.ch\/index.php\/wp-json\/wp\/v2\/tags?post=1393"}],"curies":[{"name":"wp","href":"https:\/\/api.w.org\/{rel}","templated":true}]}}