{"id":1395,"date":"2014-05-02T06:31:29","date_gmt":"2014-05-02T06:31:29","guid":{"rendered":"https:\/\/codexflores.ch\/index.php\/2014\/05\/02\/musiker-leiden-ueberdurchschnittlich-unter-hoerverlust\/"},"modified":"2014-05-02T06:31:29","modified_gmt":"2014-05-02T06:31:29","slug":"musiker-leiden-ueberdurchschnittlich-unter-hoerverlust","status":"publish","type":"post","link":"https:\/\/codexflores.ch\/index.php\/2014\/05\/02\/musiker-leiden-ueberdurchschnittlich-unter-hoerverlust\/","title":{"rendered":"Musiker leiden \u00fcberdurchschnittlich unter H\u00f6rverlust"},"content":{"rendered":"<p><span style=\"font-family: arial,helvetica,sans-serif; font-size: small;\">02.05.2014 &#8212; Ein Team rund um den Bremer Sozialmediziner Wolfgang Ahrens hat Millionen von Krankheitsmeldungen von Versicherungen ausgez\u00e4hlt und kommt zum Schluss, dass Musiker \u00fcberdurchschnittlich an l\u00e4rminduzierten H\u00f6rverlusten leiden.<\/span><\/p>\n<p><strong><span style=\"font-family: arial,helvetica,sans-serif; font-size: small;\"><span style=\"font-family: arial,helvetica,sans-serif; font-size: small;\">02.05.2014 &#8212; Ein Team rund um den Bremer Sozialmediziner Wolfgang Ahrens hat Millionen von Krankheitsmeldungen von Versicherungen ausgez\u00e4hlt und kommt zum Schluss, dass Musiker \u00fcberdurchschnittlich an l\u00e4rminduzierten H\u00f6rverlusten leiden.<\/span><\/span><\/strong><\/p>\n<p>\u00a0<\/p>\n<p><span style=\"font-family: arial,helvetica,sans-serif; font-size: small;\"> Laut dem Team ist das Risiko f\u00fcr Musiker 3,51 mal h\u00f6her als f\u00fcr den Durchschnittsb\u00fcrger. Ber\u00fccksichtigt wurden rund drei Millionen Meldungen. Unter den Betroffenen fanden sich 0,07 Prozent Berufsmusiker, insgesamt 2227 Personen. <\/span><\/p>\n<p><span style=\"font-family: arial,helvetica,sans-serif; font-size: small;\">\u00a0<\/span><\/p>\n<p><span style=\"font-family: arial,helvetica,sans-serif; font-size: small;\">Es handelt sich um die gr\u00f6sste zum Thema je durchgef\u00fchrte Erhebung. Sie macht deutlich, dass die Risiken f\u00fcr Musiker an H\u00f6rverlust oder Tinnitus zu erkranken weitaus h\u00f6her sind als bisher vermutet. (cf)<\/span><\/p>\n<p><span style=\"font-family: arial,helvetica,sans-serif; font-size: small;\">\u00a0<\/span><\/p>\n<p><strong><span style=\"font-family: arial,helvetica,sans-serif; font-size: small;\">Originalartikel:<\/span><\/strong><\/p>\n<p><a href=\"http:\/\/oem.bmj.com\/content\/early\/2014\/03\/28\/oemed-2014-102172.abstract?sid=71fe1a7f-873b-4abb-ab1c-a38473cc34b4\" target=\"_blank\" rel=\"noopener noreferrer\"><span style=\"font-family: arial,helvetica,sans-serif; font-size: small;\">oem.bmj.com\/content\/early\/2014\/03\/28\/oemed-2014-102172.abstract?sid=71fe1a7f-873b-4abb-ab1c-a38473cc34b4 <\/span><\/a><\/p>\n","protected":false},"excerpt":{"rendered":"<p><span style=\"font-family: arial,helvetica,sans-serif; font-size: small;\">02.05.2014 &#8212; Ein Team rund um den Bremer Sozialmediziner Wolfgang Ahrens hat Millionen von Krankheitsmeldungen von Versicherungen ausgez\u00e4hlt und kommt zum Schluss, dass Musiker \u00fcberdurchschnittlich an l\u00e4rminduzierten H\u00f6rverlusten leiden.<\/span><\/p>\n","protected":false},"author":1,"featured_media":0,"comment_status":"open","ping_status":"open","sticky":false,"template":"","format":"standard","meta":{"footnotes":""},"categories":[2],"tags":[],"class_list":["post-1395","post","type-post","status-publish","format-standard","hentry","category-nachrichten","entry"],"_links":{"self":[{"href":"https:\/\/codexflores.ch\/index.php\/wp-json\/wp\/v2\/posts\/1395","targetHints":{"allow":["GET"]}}],"collection":[{"href":"https:\/\/codexflores.ch\/index.php\/wp-json\/wp\/v2\/posts"}],"about":[{"href":"https:\/\/codexflores.ch\/index.php\/wp-json\/wp\/v2\/types\/post"}],"author":[{"embeddable":true,"href":"https:\/\/codexflores.ch\/index.php\/wp-json\/wp\/v2\/users\/1"}],"replies":[{"embeddable":true,"href":"https:\/\/codexflores.ch\/index.php\/wp-json\/wp\/v2\/comments?post=1395"}],"version-history":[{"count":0,"href":"https:\/\/codexflores.ch\/index.php\/wp-json\/wp\/v2\/posts\/1395\/revisions"}],"wp:attachment":[{"href":"https:\/\/codexflores.ch\/index.php\/wp-json\/wp\/v2\/media?parent=1395"}],"wp:term":[{"taxonomy":"category","embeddable":true,"href":"https:\/\/codexflores.ch\/index.php\/wp-json\/wp\/v2\/categories?post=1395"},{"taxonomy":"post_tag","embeddable":true,"href":"https:\/\/codexflores.ch\/index.php\/wp-json\/wp\/v2\/tags?post=1395"}],"curies":[{"name":"wp","href":"https:\/\/api.w.org\/{rel}","templated":true}]}}