{"id":1402,"date":"2014-05-06T05:42:09","date_gmt":"2014-05-06T05:42:09","guid":{"rendered":"https:\/\/codexflores.ch\/index.php\/2014\/05\/06\/die-schweiz-hat-ein-film-musik-festival\/"},"modified":"2014-05-06T05:42:09","modified_gmt":"2014-05-06T05:42:09","slug":"die-schweiz-hat-ein-film-musik-festival","status":"publish","type":"post","link":"https:\/\/codexflores.ch\/index.php\/2014\/05\/06\/die-schweiz-hat-ein-film-musik-festival\/","title":{"rendered":"Die Schweiz hat ein Film &#038; Musik Festival"},"content":{"rendered":"<p><span style=\"font-family: arial,helvetica,sans-serif; font-size: small;\">06.05.2014 &#8212; Das Musikkollegium Winterthur pr\u00e4sentiert vom 9. bis 14. Juni 2014 ein Film &amp; Musik Festival. Das Hauptprogramm beinhaltet drei Filmvorf\u00fchrungen, darunter die Schweizer Premiere des Stummfilms \u00abBlancanieves\u00bb und Tom Tykwers \u00abDas Parfum\u00bb, musikalisch begleitet vom Musikkollegium Winterthur unter der Leitung von Ludwig Wicki.<\/span><\/p>\n<p><strong><span style=\"font-family: arial,helvetica,sans-serif; font-size: small;\">06.05.2014 &#8212; Das Musikkollegium Winterthur pr\u00e4sentiert vom 9. bis 14. Juni 2014 ein Film &amp; Musik Festival. Das Hauptprogramm beinhaltet drei Filmvorf\u00fchrungen, darunter die Schweizer Premiere des Stummfilms \u00abBlancanieves\u00bb und Tom Tykwers \u00abDas Parfum\u00bb, musikalisch begleitet vom Musikkollegium Winterthur unter der Leitung von Ludwig Wicki.<\/span><\/strong><\/p>\n<p><span style=\"font-family: arial,helvetica,sans-serif; font-size: small;\">\u00a0<\/span><\/p>\n<p><span style=\"font-family: arial,helvetica,sans-serif; font-size: small;\">Weitere Veranstaltungen wie \u00abClassic Comedy Heroes\u00bb in der Tonhalle Z\u00fcrich und in Zusammenarbeit mit dem ewz stattkino Woody Allens \u00abMidnight in Paris\u00bb mit anschliessendem Charleston-Tanzkurs erg\u00e4nzen das Festivalprogramm.<br \/><\/span><\/p>\n<p><span style=\"font-family: arial,helvetica,sans-serif; font-size: small;\">\u00a0<\/span><\/p>\n<p><span style=\"font-family: arial,helvetica,sans-serif; font-size: small;\">Die Idee zum Festival stammt von Ivo Gm\u00fcr, dem Gesch\u00e4ftsf\u00fchrer der Veranstalteragentur Brothers &amp; Sisters, und von Thomas Pfiffner, dem Intendanten des Musikkollegiums Winterthur. Die beiden haben bereits mehrere Projekte realisert, die Musik und Film verbunden haben, unter anderem Auff\u00fchrungen von Chaplin-Filmen mit Liveorchester in der Tonhalle Z\u00fcrich und im Zirkus Knie. <em>(cf)<\/em><br \/><\/span><\/p>\n<p><span style=\"font-family: arial,helvetica,sans-serif; font-size: small;\">\u00a0<\/span><\/p>\n<p><span style=\"font-family: arial,helvetica,sans-serif; font-size: small;\">Mehr Infos: <a href=\"http:\/\/www.film-musik-festival.ch\" target=\"_blank\" rel=\"noopener noreferrer\">www.film-musik-festival.ch<\/a><br \/><\/span><\/p>\n<p>\u00a0<\/p>\n","protected":false},"excerpt":{"rendered":"<p><span style=\"font-family: arial,helvetica,sans-serif; font-size: small;\">06.05.2014 &#8212; Das Musikkollegium Winterthur pr\u00e4sentiert vom 9. bis 14. Juni 2014 ein Film &amp; Musik Festival. Das Hauptprogramm beinhaltet drei Filmvorf\u00fchrungen, darunter die Schweizer Premiere des Stummfilms \u00abBlancanieves\u00bb und Tom Tykwers \u00abDas Parfum\u00bb, musikalisch begleitet vom Musikkollegium Winterthur unter der Leitung von Ludwig Wicki.<\/span><\/p>\n","protected":false},"author":1,"featured_media":0,"comment_status":"open","ping_status":"open","sticky":false,"template":"","format":"standard","meta":{"footnotes":""},"categories":[2],"tags":[],"class_list":["post-1402","post","type-post","status-publish","format-standard","hentry","category-nachrichten","entry"],"_links":{"self":[{"href":"https:\/\/codexflores.ch\/index.php\/wp-json\/wp\/v2\/posts\/1402","targetHints":{"allow":["GET"]}}],"collection":[{"href":"https:\/\/codexflores.ch\/index.php\/wp-json\/wp\/v2\/posts"}],"about":[{"href":"https:\/\/codexflores.ch\/index.php\/wp-json\/wp\/v2\/types\/post"}],"author":[{"embeddable":true,"href":"https:\/\/codexflores.ch\/index.php\/wp-json\/wp\/v2\/users\/1"}],"replies":[{"embeddable":true,"href":"https:\/\/codexflores.ch\/index.php\/wp-json\/wp\/v2\/comments?post=1402"}],"version-history":[{"count":0,"href":"https:\/\/codexflores.ch\/index.php\/wp-json\/wp\/v2\/posts\/1402\/revisions"}],"wp:attachment":[{"href":"https:\/\/codexflores.ch\/index.php\/wp-json\/wp\/v2\/media?parent=1402"}],"wp:term":[{"taxonomy":"category","embeddable":true,"href":"https:\/\/codexflores.ch\/index.php\/wp-json\/wp\/v2\/categories?post=1402"},{"taxonomy":"post_tag","embeddable":true,"href":"https:\/\/codexflores.ch\/index.php\/wp-json\/wp\/v2\/tags?post=1402"}],"curies":[{"name":"wp","href":"https:\/\/api.w.org\/{rel}","templated":true}]}}