{"id":1404,"date":"2014-05-07T06:38:59","date_gmt":"2014-05-07T06:38:59","guid":{"rendered":"https:\/\/codexflores.ch\/index.php\/2014\/05\/07\/berliner-akademie-fuer-musiker-aus-dem-nahen-osten\/"},"modified":"2014-05-07T06:38:59","modified_gmt":"2014-05-07T06:38:59","slug":"berliner-akademie-fuer-musiker-aus-dem-nahen-osten","status":"publish","type":"post","link":"https:\/\/codexflores.ch\/index.php\/2014\/05\/07\/berliner-akademie-fuer-musiker-aus-dem-nahen-osten\/","title":{"rendered":"Berliner Akademie f\u00fcr Musiker aus dem Nahen Osten"},"content":{"rendered":"<p><span style=\"font-family: arial,helvetica,sans-serif; font-size: small;\">07.05.2014 &#8212; In Berlin, im fr\u00fcheren Magazin der Staatsoper unter den Linden, sind die Bauarbeiten zu einer Akademie f\u00fcr Musiker aus Israel und den arabischen L\u00e4ndern aufgnommen worden. Sie soll 2016 ihren Berieb aufnehmen.<\/span><\/p>\n<p><strong><span style=\"font-family: arial,helvetica,sans-serif; font-size: small;\">07.05.2014 &#8212; In Berlin, im fr\u00fcheren Magazin der Staatsoper unter den Linden, sind die Bauarbeiten zu einer Akademie f\u00fcr Musiker aus Israel und den arabischen L\u00e4ndern aufgnommen worden. Sie soll 2016 ihren Berieb aufnehmen.<\/span><\/strong><\/p>\n<p><strong><span style=\"font-family: arial,helvetica,sans-serif; font-size: small;\">\u00a0<\/span><\/strong><\/p>\n<p><span style=\"font-family: arial,helvetica,sans-serif; font-size: small;\">Die Kosten f\u00fcr das Projekt liegen bei 34 Millionen Euro, von denen laut lokalen Pressemeldungen der Bund 20 Millionen Euro \u00fcbernimmt. Es umfasst neben Prober\u00e4umen ein vom Architekten Frank Gehry entworfener Konzertsaal.<\/span><\/p>\n<p><span style=\"font-family: arial,helvetica,sans-serif; font-size: small;\">\u00a0<\/span><\/p>\n<p><span style=\"font-family: arial,helvetica,sans-serif; font-size: small;\">Die Idee zu der Akademie geht auf das West Eastern Divan Orchestra zur\u00fcck, das Barenboim und der Literaturwissenschaftler Edward Said 1999 in Weimar gegr\u00fcndet hatten. Barenboim hat in Berlin bereits einen Musikkindergarten inittiiert.<em> (cf)<\/em><\/span><\/p>\n<p>\u00a0<\/p>\n","protected":false},"excerpt":{"rendered":"<p><span style=\"font-family: arial,helvetica,sans-serif; font-size: small;\">07.05.2014 &#8212; In Berlin, im fr\u00fcheren Magazin der Staatsoper unter den Linden, sind die Bauarbeiten zu einer Akademie f\u00fcr Musiker aus Israel und den arabischen L\u00e4ndern aufgnommen worden. Sie soll 2016 ihren Berieb aufnehmen.<\/span><\/p>\n","protected":false},"author":1,"featured_media":0,"comment_status":"open","ping_status":"open","sticky":false,"template":"","format":"standard","meta":{"footnotes":""},"categories":[2],"tags":[],"class_list":["post-1404","post","type-post","status-publish","format-standard","hentry","category-nachrichten","entry"],"_links":{"self":[{"href":"https:\/\/codexflores.ch\/index.php\/wp-json\/wp\/v2\/posts\/1404","targetHints":{"allow":["GET"]}}],"collection":[{"href":"https:\/\/codexflores.ch\/index.php\/wp-json\/wp\/v2\/posts"}],"about":[{"href":"https:\/\/codexflores.ch\/index.php\/wp-json\/wp\/v2\/types\/post"}],"author":[{"embeddable":true,"href":"https:\/\/codexflores.ch\/index.php\/wp-json\/wp\/v2\/users\/1"}],"replies":[{"embeddable":true,"href":"https:\/\/codexflores.ch\/index.php\/wp-json\/wp\/v2\/comments?post=1404"}],"version-history":[{"count":0,"href":"https:\/\/codexflores.ch\/index.php\/wp-json\/wp\/v2\/posts\/1404\/revisions"}],"wp:attachment":[{"href":"https:\/\/codexflores.ch\/index.php\/wp-json\/wp\/v2\/media?parent=1404"}],"wp:term":[{"taxonomy":"category","embeddable":true,"href":"https:\/\/codexflores.ch\/index.php\/wp-json\/wp\/v2\/categories?post=1404"},{"taxonomy":"post_tag","embeddable":true,"href":"https:\/\/codexflores.ch\/index.php\/wp-json\/wp\/v2\/tags?post=1404"}],"curies":[{"name":"wp","href":"https:\/\/api.w.org\/{rel}","templated":true}]}}