{"id":1405,"date":"2014-05-07T07:07:34","date_gmt":"2014-05-07T07:07:34","guid":{"rendered":"https:\/\/codexflores.ch\/index.php\/2014\/05\/07\/warner-classics-verpflichtet-bryan-hymel\/"},"modified":"2014-05-07T07:07:34","modified_gmt":"2014-05-07T07:07:34","slug":"warner-classics-verpflichtet-bryan-hymel","status":"publish","type":"post","link":"https:\/\/codexflores.ch\/index.php\/2014\/05\/07\/warner-classics-verpflichtet-bryan-hymel\/","title":{"rendered":"Warner Classics verpflichtet Bryan Hymel"},"content":{"rendered":"<p><span style=\"font-family: arial,helvetica,sans-serif; font-size: small;\">07.05.2014 &#8212; Das wiederauferstandene Label Warner Classics setzt erste programmatische Akzente. Es hat den amerikanischen Tenor Bryan Hymel exklusiv verpflichtet und lanciert als erstes eine Einspielung franz\u00f6sischer Arien mit dem S\u00e4nger.<\/span><\/p>\n<p><span style=\"font-family: arial,helvetica,sans-serif; font-size: small;\"><strong>07.05.2014 &#8212; Das wiederauferstandene Label Warner Classics setzt erste programmatische Akzente. Es hat den amerikanischen Tenor Bryan Hymel exklusiv verpflichtet und lanciert als erstes eine Einspielung franz\u00f6sischer Arien mit dem S\u00e4nger.<\/strong><\/span><\/p>\n<p><span style=\"font-family: arial,helvetica,sans-serif; font-size: small;\">\u00a0<\/span><\/p>\n<p><span style=\"font-family: arial,helvetica,sans-serif; font-size: small;\">Hymel hat sich international einen Namen gemacht mit seinem Met-Deb\u00fct von 2012\u00a0\u2013 als Aeneas in Berlioz <em>Les Troyens.<\/em>\u00a0 An der Met wird er im September auch in <em>La Boh\u00e8me<\/em> zu h\u00f6ren sein. Im Juli dieses Jahres steht er \u00fcberdies in <em>Wilhelm Tell<\/em> auf der B\u00fchne der Bayerischen Staatsoper.<\/span><\/p>\n<p><span style=\"font-family: arial,helvetica,sans-serif; font-size: small;\">\u00a0<\/span><\/p>\n<p><span style=\"font-family: arial,helvetica,sans-serif; font-size: small;\">Alain Lanceron, der frisch gek\u00fcrte Pr\u00e4sident von Warner Classics, sch\u00e4tzt Hymel als einen der f\u00fchrenden der kommenden Generation von Ten\u00f6ren ein. Er setzt damit f\u00fcr das Label einen ersten Akzent im umsatzstarken, aber auch umk\u00e4mpften Markt f\u00fcr CD-Portr\u00e4ts popul\u00e4rer Operns\u00e4nger. <em>(cf)<\/em><\/span><\/p>\n<p>\u00a0<\/p>\n<p>\u00a0<\/p>\n","protected":false},"excerpt":{"rendered":"<p><span style=\"font-family: arial,helvetica,sans-serif; font-size: small;\">07.05.2014 &#8212; Das wiederauferstandene Label Warner Classics setzt erste programmatische Akzente. Es hat den amerikanischen Tenor Bryan Hymel exklusiv verpflichtet und lanciert als erstes eine Einspielung franz\u00f6sischer Arien mit dem S\u00e4nger.<\/span><\/p>\n","protected":false},"author":1,"featured_media":0,"comment_status":"open","ping_status":"open","sticky":false,"template":"","format":"standard","meta":{"footnotes":""},"categories":[2],"tags":[],"class_list":["post-1405","post","type-post","status-publish","format-standard","hentry","category-nachrichten","entry"],"_links":{"self":[{"href":"https:\/\/codexflores.ch\/index.php\/wp-json\/wp\/v2\/posts\/1405","targetHints":{"allow":["GET"]}}],"collection":[{"href":"https:\/\/codexflores.ch\/index.php\/wp-json\/wp\/v2\/posts"}],"about":[{"href":"https:\/\/codexflores.ch\/index.php\/wp-json\/wp\/v2\/types\/post"}],"author":[{"embeddable":true,"href":"https:\/\/codexflores.ch\/index.php\/wp-json\/wp\/v2\/users\/1"}],"replies":[{"embeddable":true,"href":"https:\/\/codexflores.ch\/index.php\/wp-json\/wp\/v2\/comments?post=1405"}],"version-history":[{"count":0,"href":"https:\/\/codexflores.ch\/index.php\/wp-json\/wp\/v2\/posts\/1405\/revisions"}],"wp:attachment":[{"href":"https:\/\/codexflores.ch\/index.php\/wp-json\/wp\/v2\/media?parent=1405"}],"wp:term":[{"taxonomy":"category","embeddable":true,"href":"https:\/\/codexflores.ch\/index.php\/wp-json\/wp\/v2\/categories?post=1405"},{"taxonomy":"post_tag","embeddable":true,"href":"https:\/\/codexflores.ch\/index.php\/wp-json\/wp\/v2\/tags?post=1405"}],"curies":[{"name":"wp","href":"https:\/\/api.w.org\/{rel}","templated":true}]}}