{"id":1406,"date":"2014-05-08T06:24:20","date_gmt":"2014-05-08T06:24:20","guid":{"rendered":"https:\/\/codexflores.ch\/index.php\/2014\/05\/08\/ronald-adler-kuenstlerischer-berater-an-der-semperoper\/"},"modified":"2014-05-08T06:24:20","modified_gmt":"2014-05-08T06:24:20","slug":"ronald-adler-kuenstlerischer-berater-an-der-semperoper","status":"publish","type":"post","link":"https:\/\/codexflores.ch\/index.php\/2014\/05\/08\/ronald-adler-kuenstlerischer-berater-an-der-semperoper\/","title":{"rendered":"Ronald Adler k\u00fcnstlerischer Berater an der Semperoper"},"content":{"rendered":"<p><span style=\"font-family: arial,helvetica,sans-serif; font-size: small;\">08.05.2014 &#8212; Die Dresdner Semperoper hat Personalentscheide bekanntgegeben, mit denen die Zeit \u00fcberbr\u00fcckt werden soll, bis ein neuer Intendant gew\u00e4hlt ist, nachdem der daf\u00fcr vorgesehene Serge Dorny noch vor Amtsantritt wieder entlassen worden ist.<\/span><\/p>\n<p><strong><span style=\"font-family: arial,helvetica,sans-serif; font-size: small;\">08.05.2014 &#8212; Die Dresdner Semperoper hat Personalentscheide bekanntgegeben, mit denen die Zeit \u00fcberbr\u00fcckt werden soll, bis ein neuer Intendant gew\u00e4hlt ist, nachdem der daf\u00fcr vorgesehene Serge Dorny noch vor Amtsantritt wieder entlassen worden ist.<\/span><\/strong><\/p>\n<p>\u00a0<\/p>\n<p><span style=\"font-family: arial,helvetica,sans-serif; font-size: small;\">Der Kaufm\u00e4nnische Gesch\u00e4ftsf\u00fchrer der S\u00e4chsischen Staatstheater, Wolfgang Rothe, der gleichzeitig auch die Funktion des Intendanten der Staatsoper Dresden wahrnimmt, stellte im Rahmen eines Pressegespr\u00e4chs Ronald H. Adler als K\u00fcnstlerischen Berater und Anna Melcher als Chefdramaturgin der \u00d6ffentlichkeit vor. <\/span><\/p>\n<p>\u00a0<\/p>\n<p><span style=\"font-family: arial,helvetica,sans-serif; font-size: small;\">Ronald H. Adler war von 2002 bis 2007 K\u00fcnstlerischer Betriebsdirektor der Bayerischen Staatsoper und von 2006 bis 2008 Mitglied ihres Direktoriums. Im Januar 2008 wechselte er zur Berliner Staatsoper Unter den Linden Berlin, wo er bis Juli 2011 als Operndirektor t\u00e4tig war und au\u00dferdem von 2008 bis 2010 auch Kommissarischer Intendant des Hauses. Er ist ab sofort f\u00fcr die Semperoper Dresden t\u00e4tig und wird das Leitungsteam bei den S\u00e4nger- und Dirigentenbesetzungen und in der k\u00fcnstlerischen Planung unterst\u00fctzen.<\/span><\/p>\n<p><span style=\"font-family: arial,helvetica,sans-serif; font-size: small;\">\u00a0<\/span><\/p>\n<p><span style=\"font-family: arial,helvetica,sans-serif; font-size: small;\">Anna Melcher, seit 2008 Chefdramaturgin und Stellvertreterin des Generalintendanten am Musiktheater im Revier, tritt ihr Amt mit Beginn der Spielzeit 2014\/15 an der Semperoper an. Sie folgt damit Nora Schmid nach, die zur Spielzeit 2015\/16 als Intendantin an die Oper Graz wechselt und sich bereits den Vorbereitungen daf\u00fcr widmet. <em>(cf)\u00a0<\/em> <br \/><\/span><\/p>\n<p><span style=\"font-family: arial,helvetica,sans-serif; font-size: small;\">\u00a0<\/span><\/p>\n<p><span style=\"font-family: arial,helvetica,sans-serif; font-size: small;\"> \u00a0<\/span><\/p>\n<p>\u00a0<\/p>\n","protected":false},"excerpt":{"rendered":"<p><span style=\"font-family: arial,helvetica,sans-serif; font-size: small;\">08.05.2014 &#8212; Die Dresdner Semperoper hat Personalentscheide bekanntgegeben, mit denen die Zeit \u00fcberbr\u00fcckt werden soll, bis ein neuer Intendant gew\u00e4hlt ist, nachdem der daf\u00fcr vorgesehene Serge Dorny noch vor Amtsantritt wieder entlassen worden ist.<\/span><\/p>\n","protected":false},"author":1,"featured_media":0,"comment_status":"open","ping_status":"open","sticky":false,"template":"","format":"standard","meta":{"footnotes":""},"categories":[2],"tags":[],"class_list":["post-1406","post","type-post","status-publish","format-standard","hentry","category-nachrichten","entry"],"_links":{"self":[{"href":"https:\/\/codexflores.ch\/index.php\/wp-json\/wp\/v2\/posts\/1406","targetHints":{"allow":["GET"]}}],"collection":[{"href":"https:\/\/codexflores.ch\/index.php\/wp-json\/wp\/v2\/posts"}],"about":[{"href":"https:\/\/codexflores.ch\/index.php\/wp-json\/wp\/v2\/types\/post"}],"author":[{"embeddable":true,"href":"https:\/\/codexflores.ch\/index.php\/wp-json\/wp\/v2\/users\/1"}],"replies":[{"embeddable":true,"href":"https:\/\/codexflores.ch\/index.php\/wp-json\/wp\/v2\/comments?post=1406"}],"version-history":[{"count":0,"href":"https:\/\/codexflores.ch\/index.php\/wp-json\/wp\/v2\/posts\/1406\/revisions"}],"wp:attachment":[{"href":"https:\/\/codexflores.ch\/index.php\/wp-json\/wp\/v2\/media?parent=1406"}],"wp:term":[{"taxonomy":"category","embeddable":true,"href":"https:\/\/codexflores.ch\/index.php\/wp-json\/wp\/v2\/categories?post=1406"},{"taxonomy":"post_tag","embeddable":true,"href":"https:\/\/codexflores.ch\/index.php\/wp-json\/wp\/v2\/tags?post=1406"}],"curies":[{"name":"wp","href":"https:\/\/api.w.org\/{rel}","templated":true}]}}