{"id":1409,"date":"2014-05-09T06:09:28","date_gmt":"2014-05-09T06:09:28","guid":{"rendered":"https:\/\/codexflores.ch\/index.php\/2014\/05\/09\/kulturprozent-classics-auf-erfolgskurs\/"},"modified":"2014-05-09T06:09:28","modified_gmt":"2014-05-09T06:09:28","slug":"kulturprozent-classics-auf-erfolgskurs","status":"publish","type":"post","link":"https:\/\/codexflores.ch\/index.php\/2014\/05\/09\/kulturprozent-classics-auf-erfolgskurs\/","title":{"rendered":"Migros Kulturprozent Classics auf Erfolgskurs"},"content":{"rendered":"<p><span style=\"font-family: arial,helvetica,sans-serif; font-size: small;\">09.05.2014 &#8212; Die Migros-Kulturprozent-Classics, die fr\u00fcheren Klubhaus Konzerte, sind auf Kurs. Die Saison 13\/14 hat mit einer \u00fcberdurchschnittlichen Publikumsauslastung von mehr als 90 Prozent abgeschlossen werden k\u00f6nnen. Highlights der kommenden Saison sind unter anderem Auftritte El\u012bna Garan\u010das, Julia Fischers, Patricia Kopatchinskajas und Janine Jansens sowie die Urauff\u00fchrung eines Auftragswerkes von Edward Rushton.<\/span><\/p>\n<p><strong><span style=\"font-family: arial,helvetica,sans-serif; font-size: small;\">09.05.2014 &#8212; Die Migros-Kulturprozent-Classics, die fr\u00fcheren Klubhaus Konzerte, sind auf Kurs. Die Saison 13\/14 hat mit einer \u00fcberdurchschnittlichen Publikumsauslastung von mehr als 90 Prozent abgeschlossen werden k\u00f6nnen. Highlights der kommenden Saison sind unter anderem Auftritte El\u012bna Garan\u010das, Julia Fischers, Patricia Kopatchinskajas und Janine Jansens sowie die Urauff\u00fchrung eines Auftragswerkes von Edward Rushton.<\/span><\/strong><\/p>\n<p><strong><span style=\"font-family: arial,helvetica,sans-serif; font-size: small;\">\u00a0<\/span><\/strong><\/p>\n<p><span style=\"font-family: arial,helvetica,sans-serif; font-size: small;\">Im Rahmen der Konzertreihe tourt in der kommenden Saison das Sinfonieorchester der chinesischen Metropole Guangzhou unter der Leitung von Long Yu durch die Schweiz. Mendelssohns Violinkonzert wird interpretiert vom London Symphony Orchestra und Janine Jansen. Das Doppelkonzert des jungen Mendelssohn wiederum wird von der Academy of St Martin in the Fields mit Julia Fischer und Oliver Schnyder dargeboten.<\/span><\/p>\n<p><span style=\"font-family: arial,helvetica,sans-serif; font-size: small;\">\u00a0<\/span><\/p>\n<p><span style=\"font-family: arial,helvetica,sans-serif; font-size: small;\"> Im Konzert mit dem Amsterdam Baroque Orchestra &amp; Choir, geleitet von Ton Koopman, spannt sich der Bogen von Mozarts Jugendsinfonie D-Dur \u00fcber dessen Kr\u00f6nungsmesse bis zum Requiem. <span style=\"font-family: arial,helvetica,sans-serif; font-size: small;\">El\u012bna Garan\u010da<\/span> und das <span style=\"font-family: arial,helvetica,sans-serif; font-size: small;\">Royal Concertgebouw Orchestra Amsterdam interpretieren unter anderem d<\/span>ie \u00abCl\u00e9op\u00e2tre\u00bb-Kantate von Berlioz, das <span style=\"font-family: arial,helvetica,sans-serif; font-size: small;\">Tchaikowsky Sinfonieorchester Moskau<\/span> Tschaikowskys \u00abPath\u00e9tique\u00bb. Mit dem gleichen Orchester spielt der Pianist Rudolf Buchbinder das erste Klavierkonzert von Brahms.<br \/><\/span><\/p>\n<p><span style=\"font-family: arial,helvetica,sans-serif; font-size: small;\">\u00a0<\/span><\/p>\n<p><span style=\"font-family: arial,helvetica,sans-serif; font-size: small;\">Wie Mischa Damev, der Intendant der Konzertreihe anl\u00e4sslich der Medienkonfernz zum Saisonprogramm in Z\u00fcrich erkl\u00e4rte, wird Rushtons \u00abBeing Mahler\u2019s fifth symphony\u00bb vom London Symphony Orchestra unter Daniel Harding<span style=\"font-family: arial,helvetica,sans-serif; font-size: small;\"> im KKL Luzern uraufgef\u00fchrt<\/span>. Weitere Auff\u00fchrungen folgen in Z\u00fcrich, Genf und Bern. <em>(cf)<\/em><\/span><\/p>\n<p><span style=\"font-family: arial,helvetica,sans-serif; font-size: small;\">\u00a0<\/span><\/p>\n<p><span style=\"font-family: arial,helvetica,sans-serif; font-size: small;\">Mehr Infos: <a href=\"http:\/\/www.migros-kulturprozent-classics.ch\" target=\"_blank\" rel=\"noopener noreferrer\">www.migros-kulturprozent-classics.ch<\/a><\/span><\/p>\n<p>\u00a0<\/p>\n","protected":false},"excerpt":{"rendered":"<p><span style=\"font-family: arial,helvetica,sans-serif; font-size: small;\">09.05.2014 &#8212; Die Migros-Kulturprozent-Classics, die fr\u00fcheren Klubhaus Konzerte, sind auf Kurs. Die Saison 13\/14 hat mit einer \u00fcberdurchschnittlichen Publikumsauslastung von mehr als 90 Prozent abgeschlossen werden k\u00f6nnen. Highlights der kommenden Saison sind unter anderem Auftritte El\u012bna Garan\u010das, Julia Fischers, Patricia Kopatchinskajas und Janine Jansens sowie die Urauff\u00fchrung eines Auftragswerkes von Edward Rushton.<\/span><\/p>\n","protected":false},"author":1,"featured_media":0,"comment_status":"open","ping_status":"open","sticky":false,"template":"","format":"standard","meta":{"footnotes":""},"categories":[2],"tags":[],"class_list":["post-1409","post","type-post","status-publish","format-standard","hentry","category-nachrichten","entry"],"_links":{"self":[{"href":"https:\/\/codexflores.ch\/index.php\/wp-json\/wp\/v2\/posts\/1409","targetHints":{"allow":["GET"]}}],"collection":[{"href":"https:\/\/codexflores.ch\/index.php\/wp-json\/wp\/v2\/posts"}],"about":[{"href":"https:\/\/codexflores.ch\/index.php\/wp-json\/wp\/v2\/types\/post"}],"author":[{"embeddable":true,"href":"https:\/\/codexflores.ch\/index.php\/wp-json\/wp\/v2\/users\/1"}],"replies":[{"embeddable":true,"href":"https:\/\/codexflores.ch\/index.php\/wp-json\/wp\/v2\/comments?post=1409"}],"version-history":[{"count":0,"href":"https:\/\/codexflores.ch\/index.php\/wp-json\/wp\/v2\/posts\/1409\/revisions"}],"wp:attachment":[{"href":"https:\/\/codexflores.ch\/index.php\/wp-json\/wp\/v2\/media?parent=1409"}],"wp:term":[{"taxonomy":"category","embeddable":true,"href":"https:\/\/codexflores.ch\/index.php\/wp-json\/wp\/v2\/categories?post=1409"},{"taxonomy":"post_tag","embeddable":true,"href":"https:\/\/codexflores.ch\/index.php\/wp-json\/wp\/v2\/tags?post=1409"}],"curies":[{"name":"wp","href":"https:\/\/api.w.org\/{rel}","templated":true}]}}