{"id":1410,"date":"2014-05-09T06:17:18","date_gmt":"2014-05-09T06:17:18","guid":{"rendered":"https:\/\/codexflores.ch\/index.php\/2014\/05\/09\/halseys-mitsingkonzert-macht-einen-abstecher-nach-budapest\/"},"modified":"2014-05-09T06:17:18","modified_gmt":"2014-05-09T06:17:18","slug":"halseys-mitsingkonzert-macht-einen-abstecher-nach-budapest","status":"publish","type":"post","link":"https:\/\/codexflores.ch\/index.php\/2014\/05\/09\/halseys-mitsingkonzert-macht-einen-abstecher-nach-budapest\/","title":{"rendered":"Halseys Mitsingkonzert macht einen Abstecher nach Budapest"},"content":{"rendered":"<p><span style=\"font-family: arial,helvetica,sans-serif; font-size: small;\">09.05.2014 &#8212; Am 17. Mai 2014 findet das erste grosse <em>Mitsingkonzert International<\/em> des Rundfunkchores Berlin in Budapest statt. \u00dcber 1700 S\u00e4ngerinnen und S\u00e4nger aus aller Welt kommen in der Donau-Metropole zusammen, um nach drei Probentagen Mozarts Requiem und H\u00e4ndels <em>Zadok the Priest<\/em> darzubieten.<\/span><\/p>\n<p><strong><span style=\"font-family: arial,helvetica,sans-serif; font-size: small;\">09.05.2014 &#8212; Am 17. Mai 2014 findet das erste grosse <em>Mitsingkonzert International<\/em> des Rundfunkchores Berlin in Budapest statt. \u00dcber 1700 S\u00e4ngerinnen und S\u00e4nger aus aller Welt kommen in der Donau-Metropole zusammen, um nach drei Probentagen Mozarts Requiem und H\u00e4ndels <em>Zadok the Priest<\/em> darzubieten.<\/span><\/strong><\/p>\n<p><span style=\"font-family: arial,helvetica,sans-serif; font-size: small;\">\u00a0<\/span><\/p>\n<p><span style=\"font-family: arial,helvetica,sans-serif; font-size: small;\">Seit mehr als zehn Jahren l\u00e4dt der Rundfunkchor Berlin singbegeisterte Amateure nach Berlin ein, um innerhalb eines Tages unter Chefdirigent Simon Halsey ein Hauptwerk der chorsinfonischen Literatur einzustudieren und gemeinsam mit dem Chor aufzuf\u00fchren. Die typisch britische Konzertform findet inzwischen deutschlandweit seine Nachahmer.<\/span><\/p>\n<p><span style=\"font-family: arial,helvetica,sans-serif; font-size: small;\">\u00a0<\/span><\/p>\n<p><span style=\"font-family: arial,helvetica,sans-serif; font-size: small;\"> Dass das Konzept auch im Ausland funktioniert, zeigte sich bereits 2012, als das Format mit Carl Orffs <em>Carmina Burana<\/em> erstmals im t\u00fcrkischen Aspendos zu Gast war. In Budapest steht das ungarische Dohn\u00e1nyi Orchester Budafok als Orchesterpartner zur Seite, f\u00fcr die Umsetzung kooperiert der Rundfunkchor Berlin mit Interkultur, einem weltweit operierenden Veranstalter internationaler Chorwettbewerbe. <\/span><\/p>\n<p><span style=\"font-family: arial,helvetica,sans-serif; font-size: small;\">\u00a0<\/span><\/p>\n<p><span style=\"font-family: arial,helvetica,sans-serif; font-size: small;\">F\u00fcr das Jahr 2016 ist bereits das n\u00e4chste Mitsingkonzert International geplant: Auf dem Programm steht Schuberts Messe Nr. 6 in Es-Dur im Konzerthaus Wien. <em>(cf)<\/em>\u00a0 <br \/><\/span><\/p>\n<p><span style=\"font-family: arial,helvetica,sans-serif; font-size: small;\">\u00a0<\/span><\/p>\n","protected":false},"excerpt":{"rendered":"<p><span style=\"font-family: arial,helvetica,sans-serif; font-size: small;\">09.05.2014 &#8212; Am 17. Mai 2014 findet das erste grosse <em>Mitsingkonzert International<\/em> des Rundfunkchores Berlin in Budapest statt. \u00dcber 1700 S\u00e4ngerinnen und S\u00e4nger aus aller Welt kommen in der Donau-Metropole zusammen, um nach drei Probentagen Mozarts Requiem und H\u00e4ndels <em>Zadok the Priest<\/em> darzubieten.<\/span><\/p>\n","protected":false},"author":1,"featured_media":0,"comment_status":"open","ping_status":"open","sticky":false,"template":"","format":"standard","meta":{"footnotes":""},"categories":[2],"tags":[],"class_list":["post-1410","post","type-post","status-publish","format-standard","hentry","category-nachrichten","entry"],"_links":{"self":[{"href":"https:\/\/codexflores.ch\/index.php\/wp-json\/wp\/v2\/posts\/1410","targetHints":{"allow":["GET"]}}],"collection":[{"href":"https:\/\/codexflores.ch\/index.php\/wp-json\/wp\/v2\/posts"}],"about":[{"href":"https:\/\/codexflores.ch\/index.php\/wp-json\/wp\/v2\/types\/post"}],"author":[{"embeddable":true,"href":"https:\/\/codexflores.ch\/index.php\/wp-json\/wp\/v2\/users\/1"}],"replies":[{"embeddable":true,"href":"https:\/\/codexflores.ch\/index.php\/wp-json\/wp\/v2\/comments?post=1410"}],"version-history":[{"count":0,"href":"https:\/\/codexflores.ch\/index.php\/wp-json\/wp\/v2\/posts\/1410\/revisions"}],"wp:attachment":[{"href":"https:\/\/codexflores.ch\/index.php\/wp-json\/wp\/v2\/media?parent=1410"}],"wp:term":[{"taxonomy":"category","embeddable":true,"href":"https:\/\/codexflores.ch\/index.php\/wp-json\/wp\/v2\/categories?post=1410"},{"taxonomy":"post_tag","embeddable":true,"href":"https:\/\/codexflores.ch\/index.php\/wp-json\/wp\/v2\/tags?post=1410"}],"curies":[{"name":"wp","href":"https:\/\/api.w.org\/{rel}","templated":true}]}}