{"id":1412,"date":"2014-05-10T10:34:29","date_gmt":"2014-05-10T10:34:29","guid":{"rendered":"https:\/\/codexflores.ch\/index.php\/2014\/05\/10\/das-orchester-heft-5-mai-2014\/"},"modified":"2014-05-10T10:34:29","modified_gmt":"2014-05-10T10:34:29","slug":"das-orchester-heft-5-mai-2014","status":"publish","type":"post","link":"https:\/\/codexflores.ch\/index.php\/2014\/05\/10\/das-orchester-heft-5-mai-2014\/","title":{"rendered":"das Orchester Heft 5 (Mai 2014)"},"content":{"rendered":"<p><img decoding=\"async\" src=\"images\/zeitschriften_covers\/orch514.jpg\" border=\"0\" alt=\"Cover Zeitschrift\" style=\"float: left; margin: 8px;\" \/>Magazin f\u00fcr Musiker und Management<\/p>\n<p> Herausgegeben von Schott Music, Mainz<\/p>\n<p> <strong>Thema: Die vernachl\u00e4ssigte Generation <\/strong><\/p>\n<p> Anne M\u00fcller: <br \/> Die vernachl\u00e4ssigte Generation. Angebotsmangel f\u00fcr die 30- bis 49-J\u00e4hrigen? <\/p>\n<p> Anne M\u00fcller: <br \/> Die Mittelalten. Was sagt die Besucherforschung zum Publikum zwischen 30 und 49 Jahren? <\/p>\n<p> Christoph Plass: <br \/> \u00abIch kann nicht\u00bb hei\u00dft \u00abIch will nicht\u00bb. Gr\u00fcnde f\u00fcr den Nicht-Besuch von Klassik-Veranstaltungen <\/p>\n<p> Christoph Plass: <br \/> Nobel-Qualit\u00e4t und Frische-Image. Wie man die 30- bis 49-J\u00e4hrigen f\u00fcr Theater und Konzert gewinnt <\/p>\n<p> Anne M\u00fcller: <br \/> Angewandte Publikumsforschung. Wie wichtig sind strategisch langfristige Zielgruppenanalysen? <\/p>\n<p> <strong>Portr\u00e4t<\/strong> <\/p>\n<p> Rebekka Sambale: <br \/> Dem eigenen Klang ganz nah. Die 25. Werkstatt junger Komponisten in Halberstadt <\/p>\n<p> <strong>Marketing <\/strong> <\/p>\n<p> Florian Frisch: <br \/> Ich sp\u00fcre etwas, das du nicht siehst. \u00dcber den Subtext von Orchester-Imagebildern<\/p>\n<p> <strong>Musikgeschichte <\/strong> <\/p>\n<p> Andreas Krause: <br \/> \u00abDie Sonnenh\u00f6he der Dissonanz\u00bb. Von Richard Wagner zu Richard Strauss <\/p>\n<p> <strong>Im Weiteren<\/strong> <\/p>\n<p> Meldungen<br \/> Zwischent\u00f6ne<br \/> netzwerk junge ohren<br \/> on tour<br \/> Berichte<br \/> Rezensionen<\/p>\n","protected":false},"excerpt":{"rendered":"<p>Magazin f\u00fcr Musiker und Management Herausgegeben von Schott Music, Mainz Thema: Die vernachl\u00e4ssigte Generation Anne M\u00fcller: Die vernachl\u00e4ssigte Generation. Angebotsmangel&#8230;<\/p>\n","protected":false},"author":1,"featured_media":0,"comment_status":"open","ping_status":"open","sticky":false,"template":"","format":"standard","meta":{"footnotes":""},"categories":[10],"tags":[],"class_list":["post-1412","post","type-post","status-publish","format-standard","hentry","category-fachzeitschriften","entry"],"_links":{"self":[{"href":"https:\/\/codexflores.ch\/index.php\/wp-json\/wp\/v2\/posts\/1412","targetHints":{"allow":["GET"]}}],"collection":[{"href":"https:\/\/codexflores.ch\/index.php\/wp-json\/wp\/v2\/posts"}],"about":[{"href":"https:\/\/codexflores.ch\/index.php\/wp-json\/wp\/v2\/types\/post"}],"author":[{"embeddable":true,"href":"https:\/\/codexflores.ch\/index.php\/wp-json\/wp\/v2\/users\/1"}],"replies":[{"embeddable":true,"href":"https:\/\/codexflores.ch\/index.php\/wp-json\/wp\/v2\/comments?post=1412"}],"version-history":[{"count":0,"href":"https:\/\/codexflores.ch\/index.php\/wp-json\/wp\/v2\/posts\/1412\/revisions"}],"wp:attachment":[{"href":"https:\/\/codexflores.ch\/index.php\/wp-json\/wp\/v2\/media?parent=1412"}],"wp:term":[{"taxonomy":"category","embeddable":true,"href":"https:\/\/codexflores.ch\/index.php\/wp-json\/wp\/v2\/categories?post=1412"},{"taxonomy":"post_tag","embeddable":true,"href":"https:\/\/codexflores.ch\/index.php\/wp-json\/wp\/v2\/tags?post=1412"}],"curies":[{"name":"wp","href":"https:\/\/api.w.org\/{rel}","templated":true}]}}