{"id":1416,"date":"2014-05-13T05:54:14","date_gmt":"2014-05-13T05:54:14","guid":{"rendered":"https:\/\/codexflores.ch\/index.php\/2014\/05\/13\/radio-als-mittel-zur-musikalischen-identitaetsbildung\/"},"modified":"2014-05-13T05:54:14","modified_gmt":"2014-05-13T05:54:14","slug":"radio-als-mittel-zur-musikalischen-identitaetsbildung","status":"publish","type":"post","link":"https:\/\/codexflores.ch\/index.php\/2014\/05\/13\/radio-als-mittel-zur-musikalischen-identitaetsbildung\/","title":{"rendered":"Radio als Mittel zur musikalischen Identit\u00e4tsbildung"},"content":{"rendered":"<p><span style=\"font-family: arial,helvetica,sans-serif; font-size: small;\">13.05.2014 &#8212; Im Rahmen eines Projekts zur Konstruktion und Vermittlung von Schweizer Identit\u00e4t mittels Musik und Kl\u00e4ngen im Radio veranstaltet die Hochschule Luzern \u2013 Musik beim Klangfestival Naturstimmen im Toggenburg einen Anlass mit Referaten zu verschiedenen Jodelaufnahmen.<\/span><\/p>\n<p><strong><span style=\"font-family: arial,helvetica,sans-serif; font-size: small;\">13.05.2014 &#8212; Im Rahmen eines Projekts zur Konstruktion und Vermittlung von Schweizer Identit\u00e4t mittels Musik und Kl\u00e4ngen im Radio veranstaltet die Hochschule Luzern \u2013 Musik beim Klangfestival Naturstimmen im Toggenburg einen Anlass mit Referaten zu verschiedenen Jodelaufnahmen.<\/span><\/strong><\/p>\n<p><span style=\"font-family: arial,helvetica,sans-serif; font-size: small;\">\u00a0<\/span><\/p>\n<p><span style=\"font-family: arial,helvetica,sans-serif; font-size: small;\">Forschende der Hochschule Luzern sowie der Universit\u00e4ten Z\u00fcrich und Basel untersuchen eine rund 8000 Titel umfassende Musik- und Tonsammlung, die in den 1950er und 1960er Jahren vom damaligen Archivleiter Fritz D\u00fcr f\u00fcr das Schweizer Radio International zusammengetragen wurde.<\/span><\/p>\n<p><span style=\"font-family: arial,helvetica,sans-serif; font-size: small;\">\u00a0<\/span><\/p>\n<p><span style=\"font-family: arial,helvetica,sans-serif; font-size: small;\">W\u00e4hrend sich die Hochschule Luzern auf die klangliche Produktion des Repertoires und die Programmgestaltung fokussiert, behandelt die Universit\u00e4t Z\u00fcrich die institutionelle Seite der Entstehung und \u00dcberlieferung der Sammlung und die Universit\u00e4t Basel die Nutzung und Rezeption im In- und Ausland.<\/span><\/p>\n<p><span style=\"font-family: arial,helvetica,sans-serif; font-size: small;\">\u00a0<\/span><\/p>\n<p><span style=\"font-family: arial,helvetica,sans-serif; font-size: small;\">\u00abBroadcasting Swissness\u00bb wird in Kooperation mit Memoriav, Swissinfo, der Gesellschaft f\u00fcr die Volksmusik in der Schweiz und weiteren Partnern durchgef\u00fchrt und vom Schweizerischen Nationalfonds gef\u00f6rdert. Projektabschluss ist voraussichtlich im Fr\u00fchling 2016. <em>(cf)<\/em><\/span><\/p>\n<p><span style=\"font-family: arial,helvetica,sans-serif; font-size: small;\">\u00a0<\/span><\/p>\n<p><span style=\"font-family: arial,helvetica,sans-serif; font-size: small;\"><strong>Mehr Infos:<\/strong>\u00a0<a href=\"http:\/\/www.hslu.ch\/broadcasting-swissness\" target=\"_blank\" rel=\"noopener noreferrer\">www.hslu.ch\/broadcasting-swissness<\/a><\/span><\/p>\n<p><span style=\"font-family: arial,helvetica,sans-serif; font-size: small;\">\u00a0<\/span><\/p>\n","protected":false},"excerpt":{"rendered":"<p><span style=\"font-family: arial,helvetica,sans-serif; font-size: small;\">13.05.2014 &#8212; Im Rahmen eines Projekts zur Konstruktion und Vermittlung von Schweizer Identit\u00e4t mittels Musik und Kl\u00e4ngen im Radio veranstaltet die Hochschule Luzern \u2013 Musik beim Klangfestival Naturstimmen im Toggenburg einen Anlass mit Referaten zu verschiedenen Jodelaufnahmen.<\/span><\/p>\n","protected":false},"author":1,"featured_media":0,"comment_status":"open","ping_status":"open","sticky":false,"template":"","format":"standard","meta":{"footnotes":""},"categories":[2],"tags":[],"class_list":["post-1416","post","type-post","status-publish","format-standard","hentry","category-nachrichten","entry"],"_links":{"self":[{"href":"https:\/\/codexflores.ch\/index.php\/wp-json\/wp\/v2\/posts\/1416","targetHints":{"allow":["GET"]}}],"collection":[{"href":"https:\/\/codexflores.ch\/index.php\/wp-json\/wp\/v2\/posts"}],"about":[{"href":"https:\/\/codexflores.ch\/index.php\/wp-json\/wp\/v2\/types\/post"}],"author":[{"embeddable":true,"href":"https:\/\/codexflores.ch\/index.php\/wp-json\/wp\/v2\/users\/1"}],"replies":[{"embeddable":true,"href":"https:\/\/codexflores.ch\/index.php\/wp-json\/wp\/v2\/comments?post=1416"}],"version-history":[{"count":0,"href":"https:\/\/codexflores.ch\/index.php\/wp-json\/wp\/v2\/posts\/1416\/revisions"}],"wp:attachment":[{"href":"https:\/\/codexflores.ch\/index.php\/wp-json\/wp\/v2\/media?parent=1416"}],"wp:term":[{"taxonomy":"category","embeddable":true,"href":"https:\/\/codexflores.ch\/index.php\/wp-json\/wp\/v2\/categories?post=1416"},{"taxonomy":"post_tag","embeddable":true,"href":"https:\/\/codexflores.ch\/index.php\/wp-json\/wp\/v2\/tags?post=1416"}],"curies":[{"name":"wp","href":"https:\/\/api.w.org\/{rel}","templated":true}]}}