{"id":1418,"date":"2014-05-13T06:39:28","date_gmt":"2014-05-13T06:39:28","guid":{"rendered":"https:\/\/codexflores.ch\/index.php\/2014\/05\/13\/entscheid-ueber-pereira-in-mailand-aufgeschoben\/"},"modified":"2014-05-13T06:39:28","modified_gmt":"2014-05-13T06:39:28","slug":"entscheid-ueber-pereira-in-mailand-aufgeschoben","status":"publish","type":"post","link":"https:\/\/codexflores.ch\/index.php\/2014\/05\/13\/entscheid-ueber-pereira-in-mailand-aufgeschoben\/","title":{"rendered":"Entscheid \u00fcber Pereira in Mailand aufgeschoben"},"content":{"rendered":"<p><span style=\"font-family: arial,helvetica,sans-serif; font-size: small;\">13.05.2014 &#8212; Der Aufsichtsrat des Mail\u00e4nder Opernhauses La Scala hat vorerst entschieden, nicht zu entscheiden: Er will die Frage, ob Alexander Pereira als Intendant des Hauses best\u00e4tigt werden soll oder nicht, erste n\u00e4chste Woche f\u00e4llen. 2013 hat die Scala mit einem leichten Gewinn abgeschlossen.<\/span><\/p>\n<p><span style=\"font-family: arial,helvetica,sans-serif; font-size: small;\"><strong>13.05.2014 &#8212; Der Aufsichtsrat des Mail\u00e4nder Opernhauses La Scala hat vorerst entschieden, nicht zu entscheiden: Er will die Frage, ob Alexander Pereira als Intendant des Hauses best\u00e4tigt werden soll oder nicht, erste n\u00e4chste Woche f\u00e4llen. 2013 hat die Scala mit einem leichten Gewinn abgeschlossen.<\/strong><\/span><\/p>\n<p><span style=\"font-family: arial,helvetica,sans-serif; font-size: small;\">\u00a0<\/span><\/p>\n<p><span style=\"font-family: arial,helvetica,sans-serif; font-size: small;\">Der Aufsichtsrat hat laut lokalen Meiden einstimmig entschieden, dass f\u00fcr ein Entscheid mehr Zeit zur Verf\u00fcgung stehen muss. B\u00fcrgermeister\u00a0Pisapia sei aber zuversichtlich, dass ein Beschluss im Interesse der Scala in n\u00fctzlicher Frsit getroffen werde. Pereira war in die Kritik geraten, weil er defizit\u00e4re Produktionen der Salzburger Festspiele, denen er zur Zeit noch vorsteht, der Scala verkaufen will (Codex flores <a href=\"http:\/\/www.codexflores.ch\/index.php\/component\/content\/article\/2-nachrichten\/1386-pereiras-amtsantritt-als-scala-intendant-in-frage-gestellt\">berichtete<\/a>).<\/span><\/p>\n<p><span style=\"font-family: arial,helvetica,sans-serif; font-size: small;\">\u00a0<\/span><\/p>\n<p><span style=\"font-family: arial,helvetica,sans-serif; font-size: small;\">An der Aktion\u00e4rsversammlung der Scala-Stiftung ist die Bilanz 2013 abgesegnet worden. Das Jahr ist im neunten Jahr in Folge mit einem formellen Gewinn (61&#8217;000 Euro) abgeschlossen worden. Der Umsatz betrug rund\u00a0 acht Millionen Euro. Die Personalausgaben wurden um 1,3 Millionen Euro gek\u00fcrzt. <em>(cf)\u00a0 <\/em><\/span><\/p>\n","protected":false},"excerpt":{"rendered":"<p><span style=\"font-family: arial,helvetica,sans-serif; font-size: small;\">13.05.2014 &#8212; Der Aufsichtsrat des Mail\u00e4nder Opernhauses La Scala hat vorerst entschieden, nicht zu entscheiden: Er will die Frage, ob Alexander Pereira als Intendant des Hauses best\u00e4tigt werden soll oder nicht, erste n\u00e4chste Woche f\u00e4llen. 2013 hat die Scala mit einem leichten Gewinn abgeschlossen.<\/span><\/p>\n","protected":false},"author":1,"featured_media":0,"comment_status":"open","ping_status":"open","sticky":false,"template":"","format":"standard","meta":{"footnotes":""},"categories":[2],"tags":[],"class_list":["post-1418","post","type-post","status-publish","format-standard","hentry","category-nachrichten","entry"],"_links":{"self":[{"href":"https:\/\/codexflores.ch\/index.php\/wp-json\/wp\/v2\/posts\/1418","targetHints":{"allow":["GET"]}}],"collection":[{"href":"https:\/\/codexflores.ch\/index.php\/wp-json\/wp\/v2\/posts"}],"about":[{"href":"https:\/\/codexflores.ch\/index.php\/wp-json\/wp\/v2\/types\/post"}],"author":[{"embeddable":true,"href":"https:\/\/codexflores.ch\/index.php\/wp-json\/wp\/v2\/users\/1"}],"replies":[{"embeddable":true,"href":"https:\/\/codexflores.ch\/index.php\/wp-json\/wp\/v2\/comments?post=1418"}],"version-history":[{"count":0,"href":"https:\/\/codexflores.ch\/index.php\/wp-json\/wp\/v2\/posts\/1418\/revisions"}],"wp:attachment":[{"href":"https:\/\/codexflores.ch\/index.php\/wp-json\/wp\/v2\/media?parent=1418"}],"wp:term":[{"taxonomy":"category","embeddable":true,"href":"https:\/\/codexflores.ch\/index.php\/wp-json\/wp\/v2\/categories?post=1418"},{"taxonomy":"post_tag","embeddable":true,"href":"https:\/\/codexflores.ch\/index.php\/wp-json\/wp\/v2\/tags?post=1418"}],"curies":[{"name":"wp","href":"https:\/\/api.w.org\/{rel}","templated":true}]}}