{"id":1421,"date":"2014-05-14T05:47:29","date_gmt":"2014-05-14T05:47:29","guid":{"rendered":"https:\/\/codexflores.ch\/index.php\/2014\/05\/14\/goykovich-erhaelt-echo-jazz-fuer-sein-lebenswerk\/"},"modified":"2014-05-14T05:47:29","modified_gmt":"2014-05-14T05:47:29","slug":"goykovich-erhaelt-echo-jazz-fuer-sein-lebenswerk","status":"publish","type":"post","link":"https:\/\/codexflores.ch\/index.php\/2014\/05\/14\/goykovich-erhaelt-echo-jazz-fuer-sein-lebenswerk\/","title":{"rendered":"Goykovich erh\u00e4lt Echo Jazz f\u00fcr sein Lebenswerk"},"content":{"rendered":"<p><span style=\"font-family: arial,helvetica,sans-serif; font-size: small;\">14.05.2014 &#8212; Der Trompeter Dusko Goykovich erh\u00e4lt in diesem Jahr den Echo Jazz f\u00fcr sein Lebenswerk. Der 1931 im damaligen Jugoslawien geborene und heute in M\u00fcnchen lebende Trompeter, Fl\u00fcgelhornist und Bandleader spielte im laufe seiner Karriere mit zahlreichen internationalen Gr\u00f6ssen.<\/span><\/p>\n<p><span style=\"font-family: arial,helvetica,sans-serif; font-size: small;\"><strong>14.05.2014 &#8212; Der Trompeter Dusko Goykovich erh\u00e4lt in diesem Jahr den Echo Jazz f\u00fcr sein Lebenswerk. Der 1931 im damaligen Jugoslawien geborene und heute in M\u00fcnchen lebende Trompeter, Fl\u00fcgelhornist und Bandleader spielte im laufe seiner Karriere mit zahlreichen internationalen Gr\u00f6ssen.<\/strong><\/span><\/p>\n<p>\u00a0<\/p>\n<p><span style=\"font-family: arial,helvetica,sans-serif; font-size: small;\">Als Komponist wie auch als Instrumentalist verstehe Dusko Goykovich sich auf die Kunst, Komplexes mit einer Leichtigkeit zu vermitteln, die den Zauber der Vielfalt, der Unmittelbarkeit, der Ausdruckskraft betone, heisst es in der W\u00fcrdigung der zw\u00f6lfk\u00f6pfigen Jury, die aus Journalisten, Vertretern von Musiklabels, Konzertveranstaltern und weiteren Jazz-Experten besteht.<\/span><\/p>\n<p>\u00a0<\/p>\n<p><span style=\"font-family: arial,helvetica,sans-serif; font-size: small;\">Goykovich\u00a0gelte als Souver\u00e4n aller Spielklassen, dem es bei aller Virtuosit\u00e4t und musikalischer Kompetenz trotzdem niemals wichtig gewesen sei, als der Weltstar gefeiert zu werden, der er eigentlich sei. Umso mehr sei es an der Zeit, ihn mit dem Echo Jazz f\u00fcr sein umfassendes, vielseitiges und wegweisendes Lebenswerk auszuzeichnen. Am 22. Mai wird Dusko Goykovich im Rahmen der Echo-Jazz-Gala gemeinsam mit dem italienischen Soul- und Jazz-S\u00e4nger Mario Biondi auftreten. <em>(cf)<\/em><\/span><\/p>\n<p>\u00a0<\/p>\n","protected":false},"excerpt":{"rendered":"<p><span style=\"font-family: arial,helvetica,sans-serif; font-size: small;\">14.05.2014 &#8212; Der Trompeter Dusko Goykovich erh\u00e4lt in diesem Jahr den Echo Jazz f\u00fcr sein Lebenswerk. Der 1931 im damaligen Jugoslawien geborene und heute in M\u00fcnchen lebende Trompeter, Fl\u00fcgelhornist und Bandleader spielte im laufe seiner Karriere mit zahlreichen internationalen Gr\u00f6ssen.<\/span><\/p>\n","protected":false},"author":1,"featured_media":0,"comment_status":"open","ping_status":"open","sticky":false,"template":"","format":"standard","meta":{"footnotes":""},"categories":[2],"tags":[],"class_list":["post-1421","post","type-post","status-publish","format-standard","hentry","category-nachrichten","entry"],"_links":{"self":[{"href":"https:\/\/codexflores.ch\/index.php\/wp-json\/wp\/v2\/posts\/1421","targetHints":{"allow":["GET"]}}],"collection":[{"href":"https:\/\/codexflores.ch\/index.php\/wp-json\/wp\/v2\/posts"}],"about":[{"href":"https:\/\/codexflores.ch\/index.php\/wp-json\/wp\/v2\/types\/post"}],"author":[{"embeddable":true,"href":"https:\/\/codexflores.ch\/index.php\/wp-json\/wp\/v2\/users\/1"}],"replies":[{"embeddable":true,"href":"https:\/\/codexflores.ch\/index.php\/wp-json\/wp\/v2\/comments?post=1421"}],"version-history":[{"count":0,"href":"https:\/\/codexflores.ch\/index.php\/wp-json\/wp\/v2\/posts\/1421\/revisions"}],"wp:attachment":[{"href":"https:\/\/codexflores.ch\/index.php\/wp-json\/wp\/v2\/media?parent=1421"}],"wp:term":[{"taxonomy":"category","embeddable":true,"href":"https:\/\/codexflores.ch\/index.php\/wp-json\/wp\/v2\/categories?post=1421"},{"taxonomy":"post_tag","embeddable":true,"href":"https:\/\/codexflores.ch\/index.php\/wp-json\/wp\/v2\/tags?post=1421"}],"curies":[{"name":"wp","href":"https:\/\/api.w.org\/{rel}","templated":true}]}}