{"id":1423,"date":"2014-05-14T06:17:53","date_gmt":"2014-05-14T06:17:53","guid":{"rendered":"https:\/\/codexflores.ch\/index.php\/2014\/05\/14\/arbeitsrechtsexperte-soll-pereira-fall-beurteilen\/"},"modified":"2014-05-14T06:17:53","modified_gmt":"2014-05-14T06:17:53","slug":"arbeitsrechtsexperte-soll-pereira-fall-beurteilen","status":"publish","type":"post","link":"https:\/\/codexflores.ch\/index.php\/2014\/05\/14\/arbeitsrechtsexperte-soll-pereira-fall-beurteilen\/","title":{"rendered":"Arbeitsrechtsexperte soll Pereira-Fall beurteilen"},"content":{"rendered":"<p><span style=\"font-family: arial,helvetica,sans-serif; font-size: small;\">14.05.2014 &#8212; Die Mail\u00e4nder Scala beauftragt einen Arbeitsrechtsexperten, abzukl\u00e4ren, ob der Intendanten-Vertrag mit Alexander Pereira aufgel\u00f6st werden kann und wieviel finanzieller Schaden f\u00fcr das Opernhaus dabei entstehen w\u00fcrde.<\/span><\/p>\n<p><span style=\"font-family: arial,helvetica,sans-serif; font-size: small;\"><strong>14.05.2014 &#8212; Die Mail\u00e4nder Scala beauftragt einen Arbeitsrechtsexperten, abzukl\u00e4ren, ob der Intendanten-Vertrag mit Alexander Pereira aufgel\u00f6st werden kann und wieviel finanzieller Schaden f\u00fcr das Opernhaus dabei entstehen w\u00fcrde.<\/strong><\/span><\/p>\n<p><span style=\"font-family: arial,helvetica,sans-serif; font-size: small;\">\u00a0<\/span><\/p>\n<p><span style=\"font-family: arial,helvetica,sans-serif; font-size: small;\">Wie die italienische Tageszeitung<em> La Repubblica<\/em> schreibt, ist der Aufsichtsrat des Hauses in der Personalie gespalten. Unter anderem die Vertreter der Region Lombardei seien f\u00fcr eine Aufl\u00f6sung des Vertrags mit Pereira, andere unterst\u00fctzten den Noch-Intendanten der Salzburger Festspiele. <span style=\"font-family: arial,helvetica,sans-serif; font-size: small;\">Hohe Schadenersatz-Zahlungen kann sich das Haus angesichts angespannter Finanzen allerdings kaum leisten.<\/span><\/span><\/p>\n<p><span style=\"font-family: arial,helvetica,sans-serif; font-size: small;\">\u00a0<\/span><\/p>\n<p><span style=\"font-family: arial,helvetica,sans-serif; font-size: small;\">Druck entstehe vor allem, weil in Mailand im kommenden Jahr die Weltausstellung stattfindet und man klare Verh\u00e4ltnsse schaffen m\u00fcsse. <span style=\"font-family: arial,helvetica,sans-serif; font-size: small;\">M\u00f6glich ist, dass ein endg\u00fcltiger Entscheid trozdem an den im kommenden Jahr neu gew\u00e4hlten Aufsichtsrat delegiert wird.\u00a0<\/span>Einen Entscheid hat der Rat diese Woche vertagt (Codex flores <a href=\"http:\/\/www.codexflores.ch\/index.php\/component\/content\/article\/2-nachrichten\/1415-entscheid-ueber-pereira-in-mailand-aufgeschoben\">berichtete<\/a>).\u00a0<em>(cf)<\/em> <\/span><\/p>\n","protected":false},"excerpt":{"rendered":"<p><span style=\"font-family: arial,helvetica,sans-serif; font-size: small;\">14.05.2014 &#8212; Die Mail\u00e4nder Scala beauftragt einen Arbeitsrechtsexperten, abzukl\u00e4ren, ob der Intendanten-Vertrag mit Alexander Pereira aufgel\u00f6st werden kann und wieviel finanzieller Schaden f\u00fcr das Opernhaus dabei entstehen w\u00fcrde.<\/span><\/p>\n","protected":false},"author":1,"featured_media":0,"comment_status":"open","ping_status":"open","sticky":false,"template":"","format":"standard","meta":{"footnotes":""},"categories":[2],"tags":[],"class_list":["post-1423","post","type-post","status-publish","format-standard","hentry","category-nachrichten","entry"],"_links":{"self":[{"href":"https:\/\/codexflores.ch\/index.php\/wp-json\/wp\/v2\/posts\/1423","targetHints":{"allow":["GET"]}}],"collection":[{"href":"https:\/\/codexflores.ch\/index.php\/wp-json\/wp\/v2\/posts"}],"about":[{"href":"https:\/\/codexflores.ch\/index.php\/wp-json\/wp\/v2\/types\/post"}],"author":[{"embeddable":true,"href":"https:\/\/codexflores.ch\/index.php\/wp-json\/wp\/v2\/users\/1"}],"replies":[{"embeddable":true,"href":"https:\/\/codexflores.ch\/index.php\/wp-json\/wp\/v2\/comments?post=1423"}],"version-history":[{"count":0,"href":"https:\/\/codexflores.ch\/index.php\/wp-json\/wp\/v2\/posts\/1423\/revisions"}],"wp:attachment":[{"href":"https:\/\/codexflores.ch\/index.php\/wp-json\/wp\/v2\/media?parent=1423"}],"wp:term":[{"taxonomy":"category","embeddable":true,"href":"https:\/\/codexflores.ch\/index.php\/wp-json\/wp\/v2\/categories?post=1423"},{"taxonomy":"post_tag","embeddable":true,"href":"https:\/\/codexflores.ch\/index.php\/wp-json\/wp\/v2\/tags?post=1423"}],"curies":[{"name":"wp","href":"https:\/\/api.w.org\/{rel}","templated":true}]}}