{"id":1425,"date":"2014-05-15T06:00:37","date_gmt":"2014-05-15T06:00:37","guid":{"rendered":"https:\/\/codexflores.ch\/index.php\/2014\/05\/15\/bloch-springt-in-winterthur-fuer-hogwood-ein\/"},"modified":"2014-05-15T06:00:37","modified_gmt":"2014-05-15T06:00:37","slug":"bloch-springt-in-winterthur-fuer-hogwood-ein","status":"publish","type":"post","link":"https:\/\/codexflores.ch\/index.php\/2014\/05\/15\/bloch-springt-in-winterthur-fuer-hogwood-ein\/","title":{"rendered":"Bloch springt in Winterthur f\u00fcr Hogwood ein"},"content":{"rendered":"<p><span style=\"font-family: arial,helvetica,sans-serif; font-size: small;\">15.05.2014 &#8212; Der Dirigent Christopher Hogwood ist erkrankt und kann vorgesehene Konzerte mit dem Musikkollegium Winterthur und Veronika Eberle nicht dirigieren. Der 29-j\u00e4hrige Alexandre Bloch \u00fcbernimmt die Leitung mit unver\u00e4ndertem Programm.<\/span><\/p>\n<p><span style=\"font-family: arial,helvetica,sans-serif; font-size: small;\"><strong>15.05.2014 &#8212; Der Dirigent Christopher Hogwood ist erkrankt und kann <span style=\"font-family: arial,helvetica,sans-serif; font-size: small;\">vorgesehene Konzerte <\/span>mit dem Musikkollegium Winterthur und Veronika Eberle nicht dirigieren. Der 29-j\u00e4hrige Alexandre Bloch \u00fcbernimmt die Leitung mit unver\u00e4ndertem Programm.<\/strong><\/span><\/p>\n<p>\u00a0<\/p>\n<p class=\"bodytext\"><span style=\"font-family: arial,helvetica,sans-serif; font-size: small;\">Der junge franz\u00f6sische Dirigent Alexandre Bloch hat k\u00fcrzlich den Donatella Flick Dirigierwettbewerb in London f\u00fcr sich entschieden und steht am Beginn einer internationalen\u00a0Karriere. Er dirigiert das vorgesehene Mendelssohn-Programm mit der Ouvert\u00fcre zu \u00abRuy Blas\u00bb, op. 95, dem Violinkonzert-Moll, op. 64 (Solistin Veronika Eberle) und der Sinfonie Nr. 5 d-Moll, op. 107 \u00abReformation\u00bb.<\/span><\/p>\n<p class=\"bodytext\">\u00a0<\/p>\n<p class=\"bodytext\"><span style=\"font-family: arial,helvetica,sans-serif; font-size: small;\">Die Konzerte finden am 21. und 22. Mai im Stadthaus Winterthur statt. Mehr Infos: <a href=\"http:\/\/www.musikkollegium.ch\" target=\"_blank\" rel=\"noopener noreferrer\">www.musikkollegium.ch<\/a><\/span><\/p>\n<p class=\"bodytext\"><span style=\"font-family: arial,helvetica,sans-serif; font-size: small;\">\u00a0<\/span><\/p>\n<p>\u00a0<\/p>\n","protected":false},"excerpt":{"rendered":"<p><span style=\"font-family: arial,helvetica,sans-serif; font-size: small;\">15.05.2014 &#8212; Der Dirigent Christopher Hogwood ist erkrankt und kann vorgesehene Konzerte mit dem Musikkollegium Winterthur und Veronika Eberle nicht dirigieren. Der 29-j\u00e4hrige Alexandre Bloch \u00fcbernimmt die Leitung mit unver\u00e4ndertem Programm.<\/span><\/p>\n","protected":false},"author":1,"featured_media":0,"comment_status":"open","ping_status":"open","sticky":false,"template":"","format":"standard","meta":{"footnotes":""},"categories":[2],"tags":[],"class_list":["post-1425","post","type-post","status-publish","format-standard","hentry","category-nachrichten","entry"],"_links":{"self":[{"href":"https:\/\/codexflores.ch\/index.php\/wp-json\/wp\/v2\/posts\/1425","targetHints":{"allow":["GET"]}}],"collection":[{"href":"https:\/\/codexflores.ch\/index.php\/wp-json\/wp\/v2\/posts"}],"about":[{"href":"https:\/\/codexflores.ch\/index.php\/wp-json\/wp\/v2\/types\/post"}],"author":[{"embeddable":true,"href":"https:\/\/codexflores.ch\/index.php\/wp-json\/wp\/v2\/users\/1"}],"replies":[{"embeddable":true,"href":"https:\/\/codexflores.ch\/index.php\/wp-json\/wp\/v2\/comments?post=1425"}],"version-history":[{"count":0,"href":"https:\/\/codexflores.ch\/index.php\/wp-json\/wp\/v2\/posts\/1425\/revisions"}],"wp:attachment":[{"href":"https:\/\/codexflores.ch\/index.php\/wp-json\/wp\/v2\/media?parent=1425"}],"wp:term":[{"taxonomy":"category","embeddable":true,"href":"https:\/\/codexflores.ch\/index.php\/wp-json\/wp\/v2\/categories?post=1425"},{"taxonomy":"post_tag","embeddable":true,"href":"https:\/\/codexflores.ch\/index.php\/wp-json\/wp\/v2\/tags?post=1425"}],"curies":[{"name":"wp","href":"https:\/\/api.w.org\/{rel}","templated":true}]}}