{"id":1428,"date":"2014-05-15T10:55:49","date_gmt":"2014-05-15T10:55:49","guid":{"rendered":"https:\/\/codexflores.ch\/index.php\/2014\/05\/15\/schweizer-musikzeitung-nr-5-2014\/"},"modified":"2014-05-15T10:55:49","modified_gmt":"2014-05-15T10:55:49","slug":"schweizer-musikzeitung-nr-5-2014","status":"publish","type":"post","link":"https:\/\/codexflores.ch\/index.php\/2014\/05\/15\/schweizer-musikzeitung-nr-5-2014\/","title":{"rendered":"Schweizer Musikzeitung Nr. 5\/2014"},"content":{"rendered":"<p><strong><img decoding=\"async\" src=\"images\/zeitschriften_covers\/smz1405.jpg\" border=\"0\" alt=\"Cover Zeitschrift\" style=\"float: left; margin: 8px;\" \/>Des cordes et des baguettes, quel trap\u00e8ze!<\/strong><br \/> <em>Les th\u00e9ories se bousculent autour de l\u2019origine du tympanon<\/em><br \/> Theorien zur Herkunft des Hackbretts gibt es viele<\/p>\n<p><strong> Das Hackbrett in der Schweiz<\/strong><br \/> <em>Ein kurzer \u00dcberblick erg\u00e4nzt mit Bildern auf unserer Website<\/em><br \/> Le hackbrett en Suisse<br \/> R\u00e9sum\u00e9 et iconographie sur <a href=\"http:\/\/www.musikzeitung.ch\/hackbrett\" target=\"_blank\" rel=\"noopener noreferrer\">www.musikzeitung.ch\/hackbrett<\/a><\/p>\n<p> <strong>De Liszt \u00e0 Kurt\u00e1g : le cymbalum dans la musique savante<\/strong><br \/> <em>Quels compositeurs a-t-il inspir\u00e9s, et comment l\u2019enseigne-t-on ?<\/em><br \/> Das Hackbrett in der Kunstmusik<\/p>\n<p> <strong>Spielformen und Unterricht<\/strong><br \/> <em>Das Hackbrett ist in vielen Musikstilen pr\u00e4sent<\/em><br \/> Formes et enseignement du hackbrett<\/p>\n<p> <strong>Man sieht, wie die Musik entsteht<\/strong><br \/> <em>Interview mit Nicolas Senn, der bereits auf eine lange Karriere als Hackbrettspieler zur\u00fcckblicken kann<\/em><br \/> Entretien avec Nicolas Senn, qui a d\u00e9marr\u00e9 une belle carri\u00e8re<\/p>\n<p> <strong>Resonance<\/strong><\/p>\n<p> Ibrahim Maalouf : velout\u00e9 de trompette fa\u00e7on 21e si\u00e8cle<br \/> Rezension Jazz \u2014 nouvelle publication jazz<br \/> Heinz Marti: mit kritischem Blick und Ohr<br \/> Rezensionen Klassik \u2014 nouvelles publications classiques<br \/> Festival Alte Musik Z\u00fcrich: Blicke auf die Schweizer Szene<br \/> M4Music: gute Stimmung trotz schlechter Zahlen<br \/> Leserbriefe<br \/> Carte Blanche<\/p>\n<p> <strong>Campus<\/strong><\/p>\n<p> Songwriting \u00e0 l\u2019EJMA : l\u2019exp\u00e9rience en acc\u00e9l\u00e9r\u00e9<br \/> Eine App f\u00fcr Ludwig van Beethoven<br \/> Forum Musik und Alter: Bericht \u00fcber die HKB-Tagung vom 29. M\u00e4rz<br \/> klaxon Kinderseite \u2014 page des enfants<\/p>\n","protected":false},"excerpt":{"rendered":"<p>Des cordes et des baguettes, quel trap\u00e8ze! Les th\u00e9ories se bousculent autour de l\u2019origine du tympanon Theorien zur Herkunft des&#8230;<\/p>\n","protected":false},"author":1,"featured_media":0,"comment_status":"open","ping_status":"open","sticky":false,"template":"","format":"standard","meta":{"footnotes":""},"categories":[10],"tags":[],"class_list":["post-1428","post","type-post","status-publish","format-standard","hentry","category-fachzeitschriften","entry"],"_links":{"self":[{"href":"https:\/\/codexflores.ch\/index.php\/wp-json\/wp\/v2\/posts\/1428","targetHints":{"allow":["GET"]}}],"collection":[{"href":"https:\/\/codexflores.ch\/index.php\/wp-json\/wp\/v2\/posts"}],"about":[{"href":"https:\/\/codexflores.ch\/index.php\/wp-json\/wp\/v2\/types\/post"}],"author":[{"embeddable":true,"href":"https:\/\/codexflores.ch\/index.php\/wp-json\/wp\/v2\/users\/1"}],"replies":[{"embeddable":true,"href":"https:\/\/codexflores.ch\/index.php\/wp-json\/wp\/v2\/comments?post=1428"}],"version-history":[{"count":0,"href":"https:\/\/codexflores.ch\/index.php\/wp-json\/wp\/v2\/posts\/1428\/revisions"}],"wp:attachment":[{"href":"https:\/\/codexflores.ch\/index.php\/wp-json\/wp\/v2\/media?parent=1428"}],"wp:term":[{"taxonomy":"category","embeddable":true,"href":"https:\/\/codexflores.ch\/index.php\/wp-json\/wp\/v2\/categories?post=1428"},{"taxonomy":"post_tag","embeddable":true,"href":"https:\/\/codexflores.ch\/index.php\/wp-json\/wp\/v2\/tags?post=1428"}],"curies":[{"name":"wp","href":"https:\/\/api.w.org\/{rel}","templated":true}]}}