{"id":1431,"date":"2014-05-16T06:20:47","date_gmt":"2014-05-16T06:20:47","guid":{"rendered":"https:\/\/codexflores.ch\/index.php\/2014\/05\/16\/pereiras-mailaender-amtsdauer-soll-verkuerzt-werden\/"},"modified":"2014-05-16T06:20:47","modified_gmt":"2014-05-16T06:20:47","slug":"pereiras-mailaender-amtsdauer-soll-verkuerzt-werden","status":"publish","type":"post","link":"https:\/\/codexflores.ch\/index.php\/2014\/05\/16\/pereiras-mailaender-amtsdauer-soll-verkuerzt-werden\/","title":{"rendered":"Pereiras Mail\u00e4nder Amtsdauer soll verk\u00fcrzt werden"},"content":{"rendered":"<p><span style=\"font-family: arial,helvetica,sans-serif; font-size: small;\">16.05.2014 &#8212; Laut einem Bericht der \u00f6sterreichischen Zeitung <em>Die Presse<\/em> hat der Aufsichtsrat der Mail\u00e4nder Scala Alexander Pereira vorgeschlagen, seinen Intendanten-Vertrag zeitlich bis 2015 zu limitieren. Willige er nicht ein, riskiere man einen Rechtsstreit.<\/span><\/p>\n<p><span style=\"font-family: arial,helvetica,sans-serif; font-size: small;\"><strong>16.05.2014 &#8212; Laut einem Bericht der \u00f6sterreichischen Zeitung <em>Die Presse<\/em> hat der Aufsichtsrat der Mail\u00e4nder Scala Alexander Pereira vorgeschlagen, seinen Intendanten-Vertrag zeitlich bis 2015 zu limitieren. Willige er nicht ein, riskiere man einen Rechtsstreit.<\/strong><\/span><\/p>\n<p>\u00a0<\/p>\n<p><span style=\"font-family: arial,helvetica,sans-serif; font-size: small;\">Pereira soll sich zum R\u00fccktritt am 31. Dezember 2015 verpflichten und auf jegliche rechtliche Auseinandersetzung mit dem Opernhaus verzichten, schreibt <em>Die Presse<\/em> weiter. Zudem m\u00fcsse er jede Ausgabe in Zusammenhang mit Vertr\u00e4gen von K\u00fcnstlern und Regisseuren vom Aufsichtsrat genehmigen lassen. <\/span><\/p>\n<p>\u00a0<\/p>\n<p><span style=\"font-family: arial,helvetica,sans-serif; font-size: small;\">Der Vorschlag war im Aufsichtsrat umstritten. Vor allem der Vertreter Region Lombardei habe auf eine sofortige Aufl\u00f6sung des Vertrages gedr\u00e4ngt. Pereira habe bis Ende Woche Zeit, zum Vorschlag Stellung zu nehmen. <em>(cf)<\/em><\/span><\/p>\n<p>\u00a0<\/p>\n","protected":false},"excerpt":{"rendered":"<p><span style=\"font-family: arial,helvetica,sans-serif; font-size: small;\">16.05.2014 &#8212; Laut einem Bericht der \u00f6sterreichischen Zeitung <em>Die Presse<\/em> hat der Aufsichtsrat der Mail\u00e4nder Scala Alexander Pereira vorgeschlagen, seinen Intendanten-Vertrag zeitlich bis 2015 zu limitieren. Willige er nicht ein, riskiere man einen Rechtsstreit.<\/span><\/p>\n","protected":false},"author":1,"featured_media":0,"comment_status":"open","ping_status":"open","sticky":false,"template":"","format":"standard","meta":{"footnotes":""},"categories":[2],"tags":[],"class_list":["post-1431","post","type-post","status-publish","format-standard","hentry","category-nachrichten","entry"],"_links":{"self":[{"href":"https:\/\/codexflores.ch\/index.php\/wp-json\/wp\/v2\/posts\/1431","targetHints":{"allow":["GET"]}}],"collection":[{"href":"https:\/\/codexflores.ch\/index.php\/wp-json\/wp\/v2\/posts"}],"about":[{"href":"https:\/\/codexflores.ch\/index.php\/wp-json\/wp\/v2\/types\/post"}],"author":[{"embeddable":true,"href":"https:\/\/codexflores.ch\/index.php\/wp-json\/wp\/v2\/users\/1"}],"replies":[{"embeddable":true,"href":"https:\/\/codexflores.ch\/index.php\/wp-json\/wp\/v2\/comments?post=1431"}],"version-history":[{"count":0,"href":"https:\/\/codexflores.ch\/index.php\/wp-json\/wp\/v2\/posts\/1431\/revisions"}],"wp:attachment":[{"href":"https:\/\/codexflores.ch\/index.php\/wp-json\/wp\/v2\/media?parent=1431"}],"wp:term":[{"taxonomy":"category","embeddable":true,"href":"https:\/\/codexflores.ch\/index.php\/wp-json\/wp\/v2\/categories?post=1431"},{"taxonomy":"post_tag","embeddable":true,"href":"https:\/\/codexflores.ch\/index.php\/wp-json\/wp\/v2\/tags?post=1431"}],"curies":[{"name":"wp","href":"https:\/\/api.w.org\/{rel}","templated":true}]}}