{"id":1433,"date":"2014-05-19T06:16:50","date_gmt":"2014-05-19T06:16:50","guid":{"rendered":"https:\/\/codexflores.ch\/index.php\/2014\/05\/19\/streit-um-nutzung-des-basler-muensterplatzes\/"},"modified":"2014-05-19T06:16:50","modified_gmt":"2014-05-19T06:16:50","slug":"streit-um-nutzung-des-basler-muensterplatzes","status":"publish","type":"post","link":"https:\/\/codexflores.ch\/index.php\/2014\/05\/19\/streit-um-nutzung-des-basler-muensterplatzes\/","title":{"rendered":"Streit um Nutzung des Basler M\u00fcnsterplatzes"},"content":{"rendered":"<p>19.05.2014 &#8212; Das Basler Ensemble Arcimboldo ist entt\u00e4uscht vom Verein Pro M\u00fcnsterplatz der Stadt. Er habe zwei Veranstaltungen in einem Pavillon im Rahmen des Projektes Reinh\u00f6ren auf dem Platz wenige Tage vor Beginn abgesagt.<\/p>\n<p><strong>19.05.2014 &#8212; Das Basler Ensemble Arcimboldo ist entt\u00e4uscht vom Verein Pro M\u00fcnsterplatz der Stadt. Er habe zwei Veranstaltungen in einem Pavillon im Rahmen des Projektes Reinh\u00f6ren auf dem Platz wenige Tage vor Beginn abgesagt.<\/strong><\/p>\n<p>\u00a0<\/p>\n<p>Laut einer Mitteilung des Ensemble Arcimboldo sind vorgesehene Performances vom Verein Pro M\u00fcnsterplatz g\u00e4nzlich abgesagt worden, weil das Ensemble die Streichung von zwei (von insgesamt vier) Auff\u00fchrungstagen am 26. und 27. Mai nicht akzeptieren wollte. Es bef\u00fcrchtete, dass die Streichung den Verlust einer F\u00f6rderung durch Pro Helvetia und einer weiteren Stiftung h\u00e4tte bewirken k\u00f6nnen.<\/p>\n<p>\u00a0<\/p>\n<p>Auch ein Vermittlungsversuch durch Pro Helvetia und die Tatsache, dass wegen der Absage auch die geplante Teilnahme von vier Basler Schulen an einem der Projekte abgesagt werden musste, habe den Veranstalter nicht umstimmen k\u00f6nnen. Er sei auch nicht bereit, Vorbereitungskosten zu \u00fcbernehmen. Der Verein stellt sich laut Ensemble Arcimboldo auf den Standpunkt, dass f\u00fcr die Auff\u00fchrungen nie ein Vertrag abgeschlossen worden sei.<\/p>\n<p>\u00a0<\/p>\n<p>Schliesslich, so das Ensemble weiter, habe sich herausstellt, dass der Veranstalter f\u00fcr \u00f6ffentliche Auff\u00fchrungen am 26. und 27. Mai nie eine Genehmigung der Allmendverwaltung hatte, und der Pavillon zudem schon am 27. Mai abgebaut werden sollte.\u00a0Der Verein bedauert auf der Webseite des Projektes, dass die Konzerte des Ensembles Arcimboldo nicht stattfinden k\u00f6nnten. An ihrer Stelle gebe es Auftritte des Flamante Tango Quartett (am 21. Mai) und von Balthasar Ewald (am 25. Mai). <em>(cf)<\/em><\/p>\n<p><em>\u00a0<\/em><\/p>\n<p>Mehr Infos:<\/p>\n<p><a href=\"http:\/\/www.arcimboldo.ch\/\">www.arcimboldo.ch<\/a><em><br \/><\/em><\/p>\n<p><a href=\"reinhoeren.ch\" target=\"_blank\" rel=\"noopener noreferrer\">reinhoeren.ch<\/a>\u00a0<\/p>\n","protected":false},"excerpt":{"rendered":"<p>19.05.2014 &#8212; Das Basler Ensemble Arcimboldo ist entt\u00e4uscht vom Verein Pro M\u00fcnsterplatz der Stadt. Er habe zwei Veranstaltungen in einem Pavillon im Rahmen des Projektes Reinh\u00f6ren auf dem Platz wenige Tage vor Beginn abgesagt.<\/p>\n","protected":false},"author":1,"featured_media":0,"comment_status":"open","ping_status":"open","sticky":false,"template":"","format":"standard","meta":{"footnotes":""},"categories":[2],"tags":[],"class_list":["post-1433","post","type-post","status-publish","format-standard","hentry","category-nachrichten","entry"],"_links":{"self":[{"href":"https:\/\/codexflores.ch\/index.php\/wp-json\/wp\/v2\/posts\/1433","targetHints":{"allow":["GET"]}}],"collection":[{"href":"https:\/\/codexflores.ch\/index.php\/wp-json\/wp\/v2\/posts"}],"about":[{"href":"https:\/\/codexflores.ch\/index.php\/wp-json\/wp\/v2\/types\/post"}],"author":[{"embeddable":true,"href":"https:\/\/codexflores.ch\/index.php\/wp-json\/wp\/v2\/users\/1"}],"replies":[{"embeddable":true,"href":"https:\/\/codexflores.ch\/index.php\/wp-json\/wp\/v2\/comments?post=1433"}],"version-history":[{"count":0,"href":"https:\/\/codexflores.ch\/index.php\/wp-json\/wp\/v2\/posts\/1433\/revisions"}],"wp:attachment":[{"href":"https:\/\/codexflores.ch\/index.php\/wp-json\/wp\/v2\/media?parent=1433"}],"wp:term":[{"taxonomy":"category","embeddable":true,"href":"https:\/\/codexflores.ch\/index.php\/wp-json\/wp\/v2\/categories?post=1433"},{"taxonomy":"post_tag","embeddable":true,"href":"https:\/\/codexflores.ch\/index.php\/wp-json\/wp\/v2\/tags?post=1433"}],"curies":[{"name":"wp","href":"https:\/\/api.w.org\/{rel}","templated":true}]}}