{"id":1437,"date":"2014-05-20T05:53:50","date_gmt":"2014-05-20T05:53:50","guid":{"rendered":"https:\/\/codexflores.ch\/index.php\/2014\/05\/20\/egli-santana-group-gewinnt-berner-foerderpreis\/"},"modified":"2014-05-20T05:53:50","modified_gmt":"2014-05-20T05:53:50","slug":"egli-santana-group-gewinnt-berner-foerderpreis","status":"publish","type":"post","link":"https:\/\/codexflores.ch\/index.php\/2014\/05\/20\/egli-santana-group-gewinnt-berner-foerderpreis\/","title":{"rendered":"Egli Santana Group gewinnt Berner F\u00f6rderpreis"},"content":{"rendered":"<p><span style=\"font-family: arial,helvetica,sans-serif; font-size: small;\">20.05.2014 &#8212; Der Berner Jazzveranstalter BeJazz hat erstmals den neugeschaffenen und mit 8000 Franken dotierten F\u00f6rderpreis TransNational vergeben. Die erste Gewinnerin ist die Egli Santana Group. Mit dem Preis verbunden ist auch ein Auftritt am Winterfestival 2015 von BeJazz.<\/span><\/p>\n<p><strong><span style=\"font-family: arial,helvetica,sans-serif; font-size: small;\">20.05.2014 &#8212; Der Berner Jazzveranstalter BeJazz hat erstmals den neugeschaffenen und mit 8000 Franken dotierten F\u00f6rderpreis TransNational vergeben. Die erste Gewinnerin ist die Egli Santana Group. Mit dem Preis verbunden ist auch ein Auftritt am Winterfestival 2015 von BeJazz.<\/span><\/strong><\/p>\n<p><span style=\"font-family: arial,helvetica,sans-serif; font-size: small;\">\u00a0<\/span><\/p>\n<p><span style=\"font-family: arial,helvetica,sans-serif; font-size: small;\">Die Jury &#8211; Co Streiff, Gregor Frei und Michael Bonanomi &#8211; \u00fcberzeugt haben von Beginn weg die beiden Bl\u00e4ser der Gruppe, im Speziellen die Neuentdeckung Gileno Santana an der Trompete. Die Band bewege sich auf musikalischem Neuland und man sp\u00fcre \u00abeine Dringlichkeit im Moment, die auf der Ungewissheit basiert, was als n\u00e4chstes wohl geschieht\u00bb, heisst es in der Begr\u00fcndung weiter. <\/span><\/p>\n<p><span style=\"font-family: arial,helvetica,sans-serif; font-size: small;\">\u00a0<\/span><\/p>\n<p><span style=\"font-family: arial,helvetica,sans-serif; font-size: small;\">Gleichzeitig aber baue die Formation, <span style=\"font-family: arial,helvetica,sans-serif; font-size: small;\">eine \u00abvielversprechende internationale Band, die das Zeug dazu hat, weit \u00fcber die Landesgrenzen die B\u00fchnen dieser Welt zu bespielen\u00bb, <\/span>auf das starke Vertrauen in die improvisatorischen F\u00e4higkeiten jedes einzelnen Musikers. Es handle sich um eigenst\u00e4ndige und verschiedene Charaktere, die durch ihre Offenheit und die Risikobereitschaft die spartanischen Kompositionen Schritt f\u00fcr Schritt voranzutreiben w\u00fcssten. <br \/><\/span><\/p>\n<p><span style=\"font-family: arial,helvetica,sans-serif; font-size: small;\">\u00a0<\/span><\/p>\n<p><span style=\"font-family: arial,helvetica,sans-serif; font-size: small;\">Der F\u00f6rderpreis von BeJazz\u00a0 richtet sich an lokale und nationale Musiker, welche die finanziellen H\u00fcrden einer grenz\u00fcberschreitenden musikalischen Zusammenarbeit \u00fcberwinden m\u00f6chten. Im Vordergrund steht der Austausch mit Musikern aus dem Ausland. Mehr Infos: <a href=\"http:\/\/www.bejazz.ch\/transnational\/%20\" target=\"_blank\" rel=\"noopener noreferrer\">www.bejazz.ch\/transnational\/<\/a>\u00a0<em> (cf)<\/em><\/span><\/p>\n","protected":false},"excerpt":{"rendered":"<p><span style=\"font-family: arial,helvetica,sans-serif; font-size: small;\">20.05.2014 &#8212; Der Berner Jazzveranstalter BeJazz hat erstmals den neugeschaffenen und mit 8000 Franken dotierten F\u00f6rderpreis TransNational vergeben. Die erste Gewinnerin ist die Egli Santana Group. Mit dem Preis verbunden ist auch ein Auftritt am Winterfestival 2015 von BeJazz.<\/span><\/p>\n","protected":false},"author":1,"featured_media":0,"comment_status":"open","ping_status":"open","sticky":false,"template":"","format":"standard","meta":{"footnotes":""},"categories":[2],"tags":[],"class_list":["post-1437","post","type-post","status-publish","format-standard","hentry","category-nachrichten","entry"],"_links":{"self":[{"href":"https:\/\/codexflores.ch\/index.php\/wp-json\/wp\/v2\/posts\/1437","targetHints":{"allow":["GET"]}}],"collection":[{"href":"https:\/\/codexflores.ch\/index.php\/wp-json\/wp\/v2\/posts"}],"about":[{"href":"https:\/\/codexflores.ch\/index.php\/wp-json\/wp\/v2\/types\/post"}],"author":[{"embeddable":true,"href":"https:\/\/codexflores.ch\/index.php\/wp-json\/wp\/v2\/users\/1"}],"replies":[{"embeddable":true,"href":"https:\/\/codexflores.ch\/index.php\/wp-json\/wp\/v2\/comments?post=1437"}],"version-history":[{"count":0,"href":"https:\/\/codexflores.ch\/index.php\/wp-json\/wp\/v2\/posts\/1437\/revisions"}],"wp:attachment":[{"href":"https:\/\/codexflores.ch\/index.php\/wp-json\/wp\/v2\/media?parent=1437"}],"wp:term":[{"taxonomy":"category","embeddable":true,"href":"https:\/\/codexflores.ch\/index.php\/wp-json\/wp\/v2\/categories?post=1437"},{"taxonomy":"post_tag","embeddable":true,"href":"https:\/\/codexflores.ch\/index.php\/wp-json\/wp\/v2\/tags?post=1437"}],"curies":[{"name":"wp","href":"https:\/\/api.w.org\/{rel}","templated":true}]}}