{"id":1438,"date":"2014-05-20T06:03:26","date_gmt":"2014-05-20T06:03:26","guid":{"rendered":"https:\/\/codexflores.ch\/index.php\/2014\/05\/20\/amsterdamer-konzert-des-kob-im-internet\/"},"modified":"2014-05-20T06:03:26","modified_gmt":"2014-05-20T06:03:26","slug":"amsterdamer-konzert-des-kob-im-internet","status":"publish","type":"post","link":"https:\/\/codexflores.ch\/index.php\/2014\/05\/20\/amsterdamer-konzert-des-kob-im-internet\/","title":{"rendered":"Amsterdamer Konzert des KOB im Internet"},"content":{"rendered":"<p><span style=\"font-family: arial,helvetica,sans-serif; font-size: small;\">20.05.2014 &#8212; Am Sonntag ist das Kammerorchester Basel im legend\u00e4ren Concertgebouw Amsterdam aufgetreten, gemeinsam mit der Geigerin Vilde Frang und dem Bratschisten Nils M\u00f6nkemeyer. Der Auftritt l\u00e4sst sich f\u00fcr kurze Zeit im Internet nacherleben.<\/span><\/p>\n<p><strong><span style=\"font-family: arial,helvetica,sans-serif; font-size: small;\">20.05.2014 &#8212; Am Sonntag ist das Kammerorchester Basel im legend\u00e4ren Concertgebouw Amsterdam aufgetreten, gemeinsam mit der Geigerin Vilde Frang und dem Bratschisten Nils M\u00f6nkemeyer. Der Auftritt l\u00e4sst sich f\u00fcr kurze Zeit im Internet nacherleben.<\/span><\/strong><\/p>\n<p><span style=\"font-size: small; font-family: arial,helvetica,sans-serif;\">\u00a0<\/span><\/p>\n<p><span style=\"font-size: small; font-family: arial,helvetica,sans-serif;\">Auf dem Programm standen Wolfgang Amadeus Mozarts <em>Sinfonia concertante<\/em> mit den beiden Solisten und die Streicherserenade C-Dur von Peter Tschaikowsky. Die Tournee f\u00fchren das Orchester sowie Frang und M\u00f6nkemeyer weiter in die Stadthalle Wilhelmshaven und in die K\u00f6lner Philharmonie. <\/span><\/p>\n<p><span style=\"font-size: small; font-family: arial,helvetica,sans-serif;\">\u00a0<\/span><\/p>\n<p><span style=\"font-size: small; font-family: arial,helvetica,sans-serif;\">Das Amsterdamer Konzert l\u00e4sst sich nachh\u00f6ren unter <a href=\"http:\/\/www.concertgebouw.nl\/live?event=37055\" target=\"_blank\" rel=\"noopener noreferrer\">www.concertgebouw.nl\/live<\/a> <em>(cf)<\/em> \u00a0 <br \/><\/span><\/p>\n<p><span style=\"font-family: arial,helvetica,sans-serif; font-size: small;\">\u00a0<\/span><\/p>\n","protected":false},"excerpt":{"rendered":"<p><span style=\"font-family: arial,helvetica,sans-serif; font-size: small;\">20.05.2014 &#8212; Am Sonntag ist das Kammerorchester Basel im legend\u00e4ren Concertgebouw Amsterdam aufgetreten, gemeinsam mit der Geigerin Vilde Frang und dem Bratschisten Nils M\u00f6nkemeyer. Der Auftritt l\u00e4sst sich f\u00fcr kurze Zeit im Internet nacherleben.<\/span><\/p>\n","protected":false},"author":1,"featured_media":0,"comment_status":"open","ping_status":"open","sticky":false,"template":"","format":"standard","meta":{"footnotes":""},"categories":[2],"tags":[],"class_list":["post-1438","post","type-post","status-publish","format-standard","hentry","category-nachrichten","entry"],"_links":{"self":[{"href":"https:\/\/codexflores.ch\/index.php\/wp-json\/wp\/v2\/posts\/1438","targetHints":{"allow":["GET"]}}],"collection":[{"href":"https:\/\/codexflores.ch\/index.php\/wp-json\/wp\/v2\/posts"}],"about":[{"href":"https:\/\/codexflores.ch\/index.php\/wp-json\/wp\/v2\/types\/post"}],"author":[{"embeddable":true,"href":"https:\/\/codexflores.ch\/index.php\/wp-json\/wp\/v2\/users\/1"}],"replies":[{"embeddable":true,"href":"https:\/\/codexflores.ch\/index.php\/wp-json\/wp\/v2\/comments?post=1438"}],"version-history":[{"count":0,"href":"https:\/\/codexflores.ch\/index.php\/wp-json\/wp\/v2\/posts\/1438\/revisions"}],"wp:attachment":[{"href":"https:\/\/codexflores.ch\/index.php\/wp-json\/wp\/v2\/media?parent=1438"}],"wp:term":[{"taxonomy":"category","embeddable":true,"href":"https:\/\/codexflores.ch\/index.php\/wp-json\/wp\/v2\/categories?post=1438"},{"taxonomy":"post_tag","embeddable":true,"href":"https:\/\/codexflores.ch\/index.php\/wp-json\/wp\/v2\/tags?post=1438"}],"curies":[{"name":"wp","href":"https:\/\/api.w.org\/{rel}","templated":true}]}}