{"id":1444,"date":"2014-05-22T07:03:23","date_gmt":"2014-05-22T07:03:23","guid":{"rendered":"https:\/\/codexflores.ch\/index.php\/2014\/05\/22\/tod-des-deutsch-kanadischen-dirigenten-franz-paul-decker\/"},"modified":"2014-05-22T07:03:23","modified_gmt":"2014-05-22T07:03:23","slug":"tod-des-deutsch-kanadischen-dirigenten-franz-paul-decker","status":"publish","type":"post","link":"https:\/\/codexflores.ch\/index.php\/2014\/05\/22\/tod-des-deutsch-kanadischen-dirigenten-franz-paul-decker\/","title":{"rendered":"Tod des deutsch-kanadischen Dirigenten Franz-Paul Decker"},"content":{"rendered":"<p>22.05.2014 &#8212; Der geb\u00fcrtige K\u00f6lner Dirigent Franz-Paul Decker ist laut einer Mitteilung seiner Familie und lokalen Medien im Alter von 91 Jahren in Montreal verstorben.<\/p>\n<p><strong>22.05.2014 &#8212; Der geb\u00fcrtige K\u00f6lner Dirigent Franz-Paul Decker ist laut einer Mitteilung seiner Familie und lokalen Medien im Alter von 91 Jahren in Montreal verstorben.<\/strong><\/p>\n<p>\u00a0<\/p>\n<p>Decker war Absolvent der K\u00f6lner Musikhochschule und deb\u00fctierte im Alter von 22 Jahren an der Oper der Stadt. Weitere Stationen f\u00fchrten ihn in Deutschland ans Hessische Staatheater Wiesbaden und als Generalmusikdirektor nach Bochum (1956 bis 1964).<\/p>\n<p>\u00a0<\/p>\n<p>In den 1960er-Jahren dirigierte er das Rotterdamer Philharmonieorchester und ab 1967 als Nachfolger von Zubin Mehta das Orchestre symphonique de Montr\u00e9al. In den 1980er- und 1990er-Jahren leitete er die Symphonieorchester von Barcelona\u00a0 und Neuseeland. Auch als Operndirigent war er weltweit stets gefragt. Medial ist Decker nicht zuletzt auch pr\u00e4sent mit einer Aufnahme eines Weihnachtskonzertes von 1978 mit Luciano Pavarotti und dem\u00a0Orchestre symphonique de Montr\u00e9al, das weltweit in der Adventszeit immer wieder gerne ausgestrahlt wird. <em>(cf)\u00a0 <\/em><\/p>\n","protected":false},"excerpt":{"rendered":"<p>22.05.2014 &#8212; Der geb\u00fcrtige K\u00f6lner Dirigent Franz-Paul Decker ist laut einer Mitteilung seiner Familie und lokalen Medien im Alter von 91 Jahren in Montreal verstorben.<\/p>\n","protected":false},"author":1,"featured_media":0,"comment_status":"open","ping_status":"open","sticky":false,"template":"","format":"standard","meta":{"footnotes":""},"categories":[2],"tags":[],"class_list":["post-1444","post","type-post","status-publish","format-standard","hentry","category-nachrichten","entry"],"_links":{"self":[{"href":"https:\/\/codexflores.ch\/index.php\/wp-json\/wp\/v2\/posts\/1444","targetHints":{"allow":["GET"]}}],"collection":[{"href":"https:\/\/codexflores.ch\/index.php\/wp-json\/wp\/v2\/posts"}],"about":[{"href":"https:\/\/codexflores.ch\/index.php\/wp-json\/wp\/v2\/types\/post"}],"author":[{"embeddable":true,"href":"https:\/\/codexflores.ch\/index.php\/wp-json\/wp\/v2\/users\/1"}],"replies":[{"embeddable":true,"href":"https:\/\/codexflores.ch\/index.php\/wp-json\/wp\/v2\/comments?post=1444"}],"version-history":[{"count":0,"href":"https:\/\/codexflores.ch\/index.php\/wp-json\/wp\/v2\/posts\/1444\/revisions"}],"wp:attachment":[{"href":"https:\/\/codexflores.ch\/index.php\/wp-json\/wp\/v2\/media?parent=1444"}],"wp:term":[{"taxonomy":"category","embeddable":true,"href":"https:\/\/codexflores.ch\/index.php\/wp-json\/wp\/v2\/categories?post=1444"},{"taxonomy":"post_tag","embeddable":true,"href":"https:\/\/codexflores.ch\/index.php\/wp-json\/wp\/v2\/tags?post=1444"}],"curies":[{"name":"wp","href":"https:\/\/api.w.org\/{rel}","templated":true}]}}