{"id":1455,"date":"2014-05-28T06:53:31","date_gmt":"2014-05-28T06:53:31","guid":{"rendered":"https:\/\/codexflores.ch\/index.php\/2014\/05\/28\/weltkongress-der-musiktherapie-in-krems-und-wien\/"},"modified":"2014-05-28T06:53:31","modified_gmt":"2014-05-28T06:53:31","slug":"weltkongress-der-musiktherapie-in-krems-und-wien","status":"publish","type":"post","link":"https:\/\/codexflores.ch\/index.php\/2014\/05\/28\/weltkongress-der-musiktherapie-in-krems-und-wien\/","title":{"rendered":"Weltkongress der Musiktherapie in Krems und Wien"},"content":{"rendered":"<p>28.05.2014 &#8212; An der nieder\u00f6sterreichischen IMC FH Krems findet vom 7. bis 12. Juli 2014 der vierzehnte Weltkongress f\u00fcr Musiktherapie (WFMT) statt. Das Schwerpunktthema ist die kulturelle Diversit\u00e4t.<\/p>\n<p><strong>28.05.2014 &#8212; An der nieder\u00f6sterreichischen IMC FH Krems findet vom 7. bis 12. Juli 2014 der vierzehnte Weltkongress f\u00fcr Musiktherapie (WFMT) statt. Das Schwerpunktthema ist die kulturelle Diversit\u00e4t.<\/strong><\/p>\n<p>\u00a0<\/p>\n<p>Neben aktuellen Forschungsergebnissen in der klinischen Musiktherapie werden in den Vortr\u00e4gen, Workshops, Paper Presentations, Posters und Student Sessions speziell multikulturelle Perspektiven in den Mittelpunkt ger\u00fcckt. Diskutiert werden auch die Auswirkungen der Musiktherapie auf das Gesundheit ssystem und die Verbesserung der menschlichen Aspekte in der Therapie.<\/p>\n<p>\u00a0<\/p>\n<p>Rund 1000 internationale Fachleute diskutieren im Rahmen des Kogresses aktuelle Fragen der Zunft, etwa die radikale und partizipative Patientenorientierung, die \u00dcberwindung der Kluft zwischen Forschung und Praxis sowie die Frage nach der wissenschaftlichen Evidenz. \u00a0<\/p>\n<p>\u00a0<\/p>\n<p>In \u00d6sterreich ist 2008 ein Musiktherapiegesetz verabschiedet und 2009 in Kraft getreten. Es gibt der \u00f6sterreichischen musiktherapeutischen Berufsgruppe die rechtlichen Rahmenbedingungen zur Aus\u00fcbung von Musiktherapie bzw. eine gesetzliche Grundlage des Berufes Musiktherapeutin\/Musiktherapeut. \u00d6sterreich ist bislang der einzige europ\u00e4ische Staat mit einem eigens f\u00fcr diese Berufsgruppe geschaffenen Gesetz.<\/p>\n<p>\u00a0<\/p>\n<p><strong>Mehr Infos:<\/strong> <a href=\"http:\/\/www.musictherapy2014.org\/\" target=\"_blank\" rel=\"noopener noreferrer\">www.musictherapy2014.org<\/a><\/p>\n<p>\u00a0<\/p>\n","protected":false},"excerpt":{"rendered":"<p>28.05.2014 &#8212; An der nieder\u00f6sterreichischen IMC FH Krems findet vom 7. bis 12. Juli 2014 der vierzehnte Weltkongress f\u00fcr Musiktherapie (WFMT) statt. Das Schwerpunktthema ist die kulturelle Diversit\u00e4t.<\/p>\n","protected":false},"author":1,"featured_media":0,"comment_status":"open","ping_status":"open","sticky":false,"template":"","format":"standard","meta":{"footnotes":""},"categories":[2],"tags":[],"class_list":["post-1455","post","type-post","status-publish","format-standard","hentry","category-nachrichten","entry"],"_links":{"self":[{"href":"https:\/\/codexflores.ch\/index.php\/wp-json\/wp\/v2\/posts\/1455","targetHints":{"allow":["GET"]}}],"collection":[{"href":"https:\/\/codexflores.ch\/index.php\/wp-json\/wp\/v2\/posts"}],"about":[{"href":"https:\/\/codexflores.ch\/index.php\/wp-json\/wp\/v2\/types\/post"}],"author":[{"embeddable":true,"href":"https:\/\/codexflores.ch\/index.php\/wp-json\/wp\/v2\/users\/1"}],"replies":[{"embeddable":true,"href":"https:\/\/codexflores.ch\/index.php\/wp-json\/wp\/v2\/comments?post=1455"}],"version-history":[{"count":0,"href":"https:\/\/codexflores.ch\/index.php\/wp-json\/wp\/v2\/posts\/1455\/revisions"}],"wp:attachment":[{"href":"https:\/\/codexflores.ch\/index.php\/wp-json\/wp\/v2\/media?parent=1455"}],"wp:term":[{"taxonomy":"category","embeddable":true,"href":"https:\/\/codexflores.ch\/index.php\/wp-json\/wp\/v2\/categories?post=1455"},{"taxonomy":"post_tag","embeddable":true,"href":"https:\/\/codexflores.ch\/index.php\/wp-json\/wp\/v2\/tags?post=1455"}],"curies":[{"name":"wp","href":"https:\/\/api.w.org\/{rel}","templated":true}]}}