{"id":1456,"date":"2014-05-28T10:44:46","date_gmt":"2014-05-28T10:44:46","guid":{"rendered":"https:\/\/codexflores.ch\/index.php\/2014\/05\/28\/neue-zeitschrift-fuer-musik-heft-3-2014\/"},"modified":"2014-05-28T10:44:46","modified_gmt":"2014-05-28T10:44:46","slug":"neue-zeitschrift-fuer-musik-heft-3-2014","status":"publish","type":"post","link":"https:\/\/codexflores.ch\/index.php\/2014\/05\/28\/neue-zeitschrift-fuer-musik-heft-3-2014\/","title":{"rendered":"Neue Zeitschrift f\u00fcr Musik  Heft # 3_2014"},"content":{"rendered":"<p><img loading=\"lazy\" decoding=\"async\" src=\"images\/zeitschriften_covers\/nzfm314.jpg\" border=\"0\" alt=\"Cover Zeitschrift\" width=\"70\" height=\"99\" style=\"float: left; margin: 8px;\" \/>Herausgegeben von Schott Music, Mainz<\/p>\n<p> <strong>Thema: Japan <\/strong><\/p>\n<p> <strong>Stefan Menzel <\/strong><br \/> Institutionalisierung, Protest und Selbstrelativierung. Die Herausbildung der musikalischen Avantgarde Japans in den F\u00fcnfziger- und Sechzigerjahren des 20. Jahrhunderts <\/p>\n<p> <strong>J\u00f6rn Peter Hiekel <\/strong><br \/> Musik und Natur in enger Verkn\u00fcpfung. Anmerkungen zum Schaffen von Toshio Hosokawa <\/p>\n<p> <strong>Egbert Hiller <\/strong><br \/> Samba und Shintoismus. Der Schlagzeuger Isao Nakamura <\/p>\n<p> <strong>Rainer Nonnenmann <\/strong><br \/> \u00abEine gute Distanz ist besser als eine falsche N\u00e4he\u00bb. Japanisch-deutscher Musiktrabsfer: Personen, Aspekte, Strukturen <\/p>\n<p> <strong>Thomas Hell <\/strong><br \/> \u00abMit offenen Ohren\u00bb \u2013 Impressionen aus Japan <\/p>\n<p> <strong>Keiko Harada <\/strong><br \/> Sind \u00abKunstmusik\u00bb und \u00abKreativit\u00e4t\u00bb in Japan klar definiert? <\/p>\n<p> <strong>Oliver Seibt <\/strong><br \/> Headbanging Ringelreihen. Ambivalenz und Latenz als Merkmale von japanischem \u00abvisual-kei\u00bb <\/p>\n<p> <strong>Im Weiteren: <\/strong><\/p>\n<p> <strong>Stefan Fricke <\/strong><br \/> \u00abIch f\u00fchle mich verpflichtet \u2026\u00bb Peter E\u00f6tv\u00f6s im Gespr\u00e4ch \u00fcber die politische Situation und seine musikalischen Aktivit\u00e4ten in Ungarn <\/p>\n<p> <strong>Rainer Peters <\/strong><br \/> \u00ab\u2026 dass die Welt besser sein kann\u00bb. Ein Nachruf auf Gerard Mortier <\/p>\n<p> <strong>Werner Kl\u00fcppelholz <\/strong><br \/> Ein Leben in Musik verwandelt. Der Musiker Vinko Globokar <\/p>\n<p> <strong>Stefan Drees <\/strong><br \/> Gestische Momente und energetisches Potenzial. Zur Musik Alexander Schuberts <\/p>\n<p> <strong>Enno Poppe <\/strong><br \/> Die Formen verschwinden, der Geist bleibt wach. Eine Lobrede auf Mathias Spahlinger anl\u00e4sslich der Verleihung des Grossen Kunstpreises Berlin 2014 <\/p>\n<p> <strong>Rolf W. Stoll <\/strong><br \/> Ein fester Ort auf der Weltkarte der Klangkunst. Carsten Seiffarth \u00fcber die Erfindung des \u00abStadtklangk\u00fcnstlers\u00bb, die Konzeption und die weiteren Perspektiven des Festivals \u00abbonn hoeren\u00bb<\/p>\n<p> <strong>John Dack <\/strong><br \/> Forschung im Inneren des Klangs. In den Werken des im Dezember verstorbenen Klangk\u00fcnstlers Joachim Krebs wurde das Unh\u00f6rbare h\u00f6rbar <\/p>\n<p> <strong>Christoph Wagner<\/strong><br \/> Sahara Swing. Ein transkultureller Stilmix aus Jazz, Funk und orientalischen Kl\u00e4ngen inspiriert einen neuen globalen Trend <\/p>\n<p> <strong>Max Nyffeler <\/strong><br \/> Klassik zwischen Primetime und Gratisangebot. Im Rahmen der diesj\u00e4hrigen Berlinale trafen sich die internationalen Musikfilmproduzenten zum Austausch <\/p>\n<p> <strong>Egbert Hiller <\/strong><br \/> \u00ab\u2026\u00c4sthetisierung von Lebenserfahrungen\u00bb. Jagoda Szmytkas Ensemblest\u00fcck \u00abgreetings from a doppelg\u00e4nger\u00bb <\/p>\n<p> Notizen, Berichte<br \/> Feedback<br \/> Rezensionen<br \/> Urauff\u00fchrungen<br \/> Bilder + T\u00f6ne<\/p>\n","protected":false},"excerpt":{"rendered":"<p>Herausgegeben von Schott Music, Mainz Thema: Japan Stefan Menzel Institutionalisierung, Protest und Selbstrelativierung. Die Herausbildung der musikalischen Avantgarde Japans in&#8230;<\/p>\n","protected":false},"author":1,"featured_media":0,"comment_status":"open","ping_status":"open","sticky":false,"template":"","format":"standard","meta":{"footnotes":""},"categories":[10],"tags":[],"class_list":["post-1456","post","type-post","status-publish","format-standard","hentry","category-fachzeitschriften","entry"],"_links":{"self":[{"href":"https:\/\/codexflores.ch\/index.php\/wp-json\/wp\/v2\/posts\/1456","targetHints":{"allow":["GET"]}}],"collection":[{"href":"https:\/\/codexflores.ch\/index.php\/wp-json\/wp\/v2\/posts"}],"about":[{"href":"https:\/\/codexflores.ch\/index.php\/wp-json\/wp\/v2\/types\/post"}],"author":[{"embeddable":true,"href":"https:\/\/codexflores.ch\/index.php\/wp-json\/wp\/v2\/users\/1"}],"replies":[{"embeddable":true,"href":"https:\/\/codexflores.ch\/index.php\/wp-json\/wp\/v2\/comments?post=1456"}],"version-history":[{"count":0,"href":"https:\/\/codexflores.ch\/index.php\/wp-json\/wp\/v2\/posts\/1456\/revisions"}],"wp:attachment":[{"href":"https:\/\/codexflores.ch\/index.php\/wp-json\/wp\/v2\/media?parent=1456"}],"wp:term":[{"taxonomy":"category","embeddable":true,"href":"https:\/\/codexflores.ch\/index.php\/wp-json\/wp\/v2\/categories?post=1456"},{"taxonomy":"post_tag","embeddable":true,"href":"https:\/\/codexflores.ch\/index.php\/wp-json\/wp\/v2\/tags?post=1456"}],"curies":[{"name":"wp","href":"https:\/\/api.w.org\/{rel}","templated":true}]}}