{"id":1458,"date":"2014-05-30T05:49:31","date_gmt":"2014-05-30T05:49:31","guid":{"rendered":"https:\/\/codexflores.ch\/index.php\/2014\/05\/30\/vernehmlassung-zur-kulturbotschaft-2016-2019\/"},"modified":"2014-05-30T05:49:31","modified_gmt":"2014-05-30T05:49:31","slug":"vernehmlassung-zur-kulturbotschaft-2016-2019","status":"publish","type":"post","link":"https:\/\/codexflores.ch\/index.php\/2014\/05\/30\/vernehmlassung-zur-kulturbotschaft-2016-2019\/","title":{"rendered":"Vernehmlassung zur Kulturbotschaft 2016-2019"},"content":{"rendered":"<p><span style=\"font-family: arial,helvetica,sans-serif; font-size: small;\">30.05.2014 &#8212; Der Schweizer Bundesrat hat die Vernehmlassung zur Botschaft zur F\u00f6rderung der Kultur in den Jahren 2016\u20132019 er\u00f6ffnet. Die Kulturbotschaft legt Ziele und Massnahmen fest und bestimmt die Finanzmittel, die den Kulturinstitutionen des Bundes w\u00e4hrend der vierj\u00e4hrigen F\u00f6rderperiode zugewiesen werden.<\/span><\/p>\n<p><strong><span style=\"font-family: arial,helvetica,sans-serif; font-size: small;\">30.05.2014 &#8212; Der Schweizer Bundesrat hat die Vernehmlassung zur Botschaft zur F\u00f6rderung der Kultur in den Jahren 2016\u20132019 er\u00f6ffnet. Die Kulturbotschaft legt Ziele und Massnahmen fest und bestimmt die Finanzmittel, die den Kulturinstitutionen des Bundes w\u00e4hrend der vierj\u00e4hrigen F\u00f6rderperiode zugewiesen werden.<\/span><\/strong><\/p>\n<p>\u00a0<\/p>\n<p><span style=\"font-family: arial,helvetica,sans-serif; font-size: small;\">Der Bund will seine Kulturpolitik auf drei zentrale Handlungsachsen ausrichten: Kulturelle Teilhabe, gesellschaftlichen Zusammenhalt sowie Kreation und Innovation. Zudem will der Bundesrat die Zusammenarbeit zwischen Bund, Kantonen, St\u00e4dten und Gemeinden verbessern, um eine koh\u00e4rente Kulturpolitik auf nationaler Ebene zu erreichen. Zur Umsetzung seiner Kulturpolitik beantragt der Bundesrat Finanzmittel in der H\u00f6he von 894.6 Millionen Franken.<\/span><\/p>\n<p><span style=\"font-family: arial,helvetica,sans-serif; font-size: small;\">\u00a0<\/span><\/p>\n<p><span style=\"font-family: arial,helvetica,sans-serif; font-size: small;\">Die interessierten Kreise sind eingeladen, bis am 19. September 2014 zur Vernehmlassungsvorlage Stellung zu nehmen. Nach der Auswertung der Stellungnahmen wird die Kulturbotschaft gegen Ende Jahr dem Bundesrat zur Verabschiedung vorgelegt. Sie soll im 2015 vom Parlament behandelt und auf Januar 2016 in Kraft treten.<\/span><\/p>\n<p><span style=\"font-family: arial,helvetica,sans-serif; font-size: small;\">\u00a0<\/span><\/p>\n<p><span style=\"font-family: arial,helvetica,sans-serif; font-size: small;\"><strong>Mehr Infos: <\/strong><a href=\"http:\/\/www.bak.admin.ch\/?lang=de&amp;webcode=d_14467_de\">www.bak.admin.ch\/?lang=de&amp;webcode=d_14467_de<\/a><\/span><\/p>\n<p>\u00a0<\/p>\n","protected":false},"excerpt":{"rendered":"<p><span style=\"font-family: arial,helvetica,sans-serif; font-size: small;\">30.05.2014 &#8212; Der Schweizer Bundesrat hat die Vernehmlassung zur Botschaft zur F\u00f6rderung der Kultur in den Jahren 2016\u20132019 er\u00f6ffnet. Die Kulturbotschaft legt Ziele und Massnahmen fest und bestimmt die Finanzmittel, die den Kulturinstitutionen des Bundes w\u00e4hrend der vierj\u00e4hrigen F\u00f6rderperiode zugewiesen werden.<\/span><\/p>\n","protected":false},"author":1,"featured_media":0,"comment_status":"open","ping_status":"open","sticky":false,"template":"","format":"standard","meta":{"footnotes":""},"categories":[2],"tags":[],"class_list":["post-1458","post","type-post","status-publish","format-standard","hentry","category-nachrichten","entry"],"_links":{"self":[{"href":"https:\/\/codexflores.ch\/index.php\/wp-json\/wp\/v2\/posts\/1458","targetHints":{"allow":["GET"]}}],"collection":[{"href":"https:\/\/codexflores.ch\/index.php\/wp-json\/wp\/v2\/posts"}],"about":[{"href":"https:\/\/codexflores.ch\/index.php\/wp-json\/wp\/v2\/types\/post"}],"author":[{"embeddable":true,"href":"https:\/\/codexflores.ch\/index.php\/wp-json\/wp\/v2\/users\/1"}],"replies":[{"embeddable":true,"href":"https:\/\/codexflores.ch\/index.php\/wp-json\/wp\/v2\/comments?post=1458"}],"version-history":[{"count":0,"href":"https:\/\/codexflores.ch\/index.php\/wp-json\/wp\/v2\/posts\/1458\/revisions"}],"wp:attachment":[{"href":"https:\/\/codexflores.ch\/index.php\/wp-json\/wp\/v2\/media?parent=1458"}],"wp:term":[{"taxonomy":"category","embeddable":true,"href":"https:\/\/codexflores.ch\/index.php\/wp-json\/wp\/v2\/categories?post=1458"},{"taxonomy":"post_tag","embeddable":true,"href":"https:\/\/codexflores.ch\/index.php\/wp-json\/wp\/v2\/tags?post=1458"}],"curies":[{"name":"wp","href":"https:\/\/api.w.org\/{rel}","templated":true}]}}