{"id":1470,"date":"2014-06-03T06:07:16","date_gmt":"2014-06-03T06:07:16","guid":{"rendered":"https:\/\/codexflores.ch\/index.php\/2014\/06\/03\/bratschist-mathieu-herzog-verlaesst-quatuor-ebene\/"},"modified":"2014-06-03T06:07:16","modified_gmt":"2014-06-03T06:07:16","slug":"bratschist-mathieu-herzog-verlaesst-quatuor-ebene","status":"publish","type":"post","link":"https:\/\/codexflores.ch\/index.php\/2014\/06\/03\/bratschist-mathieu-herzog-verlaesst-quatuor-ebene\/","title":{"rendered":"Bratschist Mathieu Herzog verl\u00e4sst Quatuor Eb\u00e8ne"},"content":{"rendered":"<p>03.06.2014 &#8212; Das franz\u00f6sische Quatuor Eb\u00e8ne verliert seinen Bratschisten. Mathieu Herzog will sich k\u00fcnfitg in erster Linie dem Dirigieren zuwenden. Das Ensemble will seine T\u00e4tigkeit auf der bisherigen Linie aber fortsetzen.<\/p>\n<p><strong> 03.06.2014 &#8212; Das franz\u00f6sische Quatuor Eb\u00e8ne verliert seinen Bratschisten. Mathieu Herzog will sich k\u00fcnfitg in erster Linie dem Dirigieren zuwenden. Das Ensemble will seine T\u00e4tigkeit auf der bisherigen Linie aber fortsetzen.<\/strong><\/p>\n<p>\u00a0<\/p>\n<p>In einer offiziellen Mitteilung erkl\u00e4rt das Quartett, dass die mittlerweile 15 Jahre andauernde Zusammenarbeit die urspr\u00fcnglichen Vorstellungen weit \u00fcberschritten h\u00e4tten. Nun werde man die Zusammenarbeit fortsetzen und sich auf die Suche nach einem Ersatz f\u00fcr den scheidenden Bratschisten machen. <\/p>\n<p>\u00a0<\/p>\n<p>Das Quatuor Eb\u00e8ne hat heute in der Quartettszene etwa den Stellenwert wie das Kronos Quartet in den 1980er-Jahren. Es sprengt Genregrenzen, und dies auf ungew\u00f6hnlcih authentische und kompetente Art, gilt aber auch als eines der besten Kollektive, wenn es um die Wiedergabe von Ikonen der Quartettliteratur, allen voran der franz\u00f6sischen, geht. <em>(cf)\u00a0<\/em> <\/p>\n<p>\u00a0<\/p>\n","protected":false},"excerpt":{"rendered":"<p>03.06.2014 &#8212; Das franz\u00f6sische Quatuor Eb\u00e8ne verliert seinen Bratschisten. Mathieu Herzog will sich k\u00fcnfitg in erster Linie dem Dirigieren zuwenden. Das Ensemble will seine T\u00e4tigkeit auf der bisherigen Linie aber fortsetzen.<\/p>\n","protected":false},"author":1,"featured_media":0,"comment_status":"open","ping_status":"open","sticky":false,"template":"","format":"standard","meta":{"footnotes":""},"categories":[2],"tags":[],"class_list":["post-1470","post","type-post","status-publish","format-standard","hentry","category-nachrichten","entry"],"_links":{"self":[{"href":"https:\/\/codexflores.ch\/index.php\/wp-json\/wp\/v2\/posts\/1470","targetHints":{"allow":["GET"]}}],"collection":[{"href":"https:\/\/codexflores.ch\/index.php\/wp-json\/wp\/v2\/posts"}],"about":[{"href":"https:\/\/codexflores.ch\/index.php\/wp-json\/wp\/v2\/types\/post"}],"author":[{"embeddable":true,"href":"https:\/\/codexflores.ch\/index.php\/wp-json\/wp\/v2\/users\/1"}],"replies":[{"embeddable":true,"href":"https:\/\/codexflores.ch\/index.php\/wp-json\/wp\/v2\/comments?post=1470"}],"version-history":[{"count":0,"href":"https:\/\/codexflores.ch\/index.php\/wp-json\/wp\/v2\/posts\/1470\/revisions"}],"wp:attachment":[{"href":"https:\/\/codexflores.ch\/index.php\/wp-json\/wp\/v2\/media?parent=1470"}],"wp:term":[{"taxonomy":"category","embeddable":true,"href":"https:\/\/codexflores.ch\/index.php\/wp-json\/wp\/v2\/categories?post=1470"},{"taxonomy":"post_tag","embeddable":true,"href":"https:\/\/codexflores.ch\/index.php\/wp-json\/wp\/v2\/tags?post=1470"}],"curies":[{"name":"wp","href":"https:\/\/api.w.org\/{rel}","templated":true}]}}