{"id":1472,"date":"2014-06-04T05:40:30","date_gmt":"2014-06-04T05:40:30","guid":{"rendered":"https:\/\/codexflores.ch\/index.php\/2014\/06\/04\/umfrage-zur-internationalen-chorlandschaft\/"},"modified":"2014-06-04T05:40:30","modified_gmt":"2014-06-04T05:40:30","slug":"umfrage-zur-internationalen-chorlandschaft","status":"publish","type":"post","link":"https:\/\/codexflores.ch\/index.php\/2014\/06\/04\/umfrage-zur-internationalen-chorlandschaft\/","title":{"rendered":"Umfrage zur internationalen Chorlandschaft"},"content":{"rendered":"<p><span style=\"font-family: arial,helvetica,sans-serif; font-size: small;\">04.06.2014 &#8212; Voraussichtlich noch bis Mitte Juli 2014 l\u00e4uft die Umfrage Singing Europe, mit der erstmals grenz\u00fcberschreitende Erkenntnisse zur Praxis wie auch zu den Bed\u00fcrfnissen von Gesangensembles in ganz Europa gewonnen werden sollen.<\/span><\/p>\n<p><strong><span style=\"font-family: arial,helvetica,sans-serif; font-size: small;\">04.06.2014 &#8212; Voraussichtlich noch bis Mitte Juli 2014 l\u00e4uft die Umfrage Singing Europe, mit der erstmals grenz\u00fcberschreitende Erkenntnisse zur Praxis wie auch zu den Bed\u00fcrfnissen von Gesangensembles in ganz Europa gewonnen werden sollen.<\/span><\/strong><\/p>\n<p>\u00a0<\/p>\n<p><span style=\"font-family: arial,helvetica,sans-serif; font-size: small;\">Niemand wisse wirklich, wie viele Menschen auf dem Kontinent zusammen singen, in welchen L\u00e4ndern man welches Repertoire pflegt, wie viel Zeit dem Singen gewidmet wird und so weiter, schreibt der Schott-Verlag. Diese und weitere Fragen zu k\u00fcnstlerischen, demografischen und \u00f6konomischen Aspekten sowie Statistiken und Informationen von Chorverb\u00e4nden sollen am Ende dazu verhelfen, ein Bild des singenden Europas zu erstellen.<\/span><\/p>\n<p>\u00a0<\/p>\n<p><span style=\"font-family: arial,helvetica,sans-serif; font-size: small;\"> Die Ver\u00f6ffentlichung der Ergebnisse mit einem Vergleich zwischen den verschiedenen L\u00e4ndern ist f\u00fcr 2015 geplant. Ziel des Projekts ist es ausserdem, eine europaweite Debatte \u00fcber das Singen anzuregen und die gegenseitige Wahrnehmung beziehungsweise das Kennenlernen singender Gruppen aus verschiedenen L\u00e4ndern zu f\u00f6rdern. <\/span><\/p>\n<p>\u00a0<\/p>\n<p><span style=\"font-family: arial,helvetica,sans-serif; font-size: small;\">Allein aus Slowenien liegen mittlerweile fast 700 Antworten vor, die Aufschl\u00fcsse \u00fcber das ganze Land erm\u00f6glichen. Jeder, der einem Chor oder einer Gesangsgruppe angeh\u00f6rt, ob als S\u00e4nger, Dirigentin oder Vorstandsmitglied, ist eingeladen, den kurzen Fragebogen auf <a href=\"http:\/\/www.singingeurope.org\" target=\"_blank\" rel=\"noopener noreferrer\">www.singingeurope.org<\/a> in seiner Sprache zu beantworten. <em>(cf)<\/em><\/span><\/p>\n<p>\u00a0<\/p>\n","protected":false},"excerpt":{"rendered":"<p><span style=\"font-family: arial,helvetica,sans-serif; font-size: small;\">04.06.2014 &#8212; Voraussichtlich noch bis Mitte Juli 2014 l\u00e4uft die Umfrage Singing Europe, mit der erstmals grenz\u00fcberschreitende Erkenntnisse zur Praxis wie auch zu den Bed\u00fcrfnissen von Gesangensembles in ganz Europa gewonnen werden sollen.<\/span><\/p>\n","protected":false},"author":1,"featured_media":0,"comment_status":"open","ping_status":"open","sticky":false,"template":"","format":"standard","meta":{"footnotes":""},"categories":[2],"tags":[],"class_list":["post-1472","post","type-post","status-publish","format-standard","hentry","category-nachrichten","entry"],"_links":{"self":[{"href":"https:\/\/codexflores.ch\/index.php\/wp-json\/wp\/v2\/posts\/1472","targetHints":{"allow":["GET"]}}],"collection":[{"href":"https:\/\/codexflores.ch\/index.php\/wp-json\/wp\/v2\/posts"}],"about":[{"href":"https:\/\/codexflores.ch\/index.php\/wp-json\/wp\/v2\/types\/post"}],"author":[{"embeddable":true,"href":"https:\/\/codexflores.ch\/index.php\/wp-json\/wp\/v2\/users\/1"}],"replies":[{"embeddable":true,"href":"https:\/\/codexflores.ch\/index.php\/wp-json\/wp\/v2\/comments?post=1472"}],"version-history":[{"count":0,"href":"https:\/\/codexflores.ch\/index.php\/wp-json\/wp\/v2\/posts\/1472\/revisions"}],"wp:attachment":[{"href":"https:\/\/codexflores.ch\/index.php\/wp-json\/wp\/v2\/media?parent=1472"}],"wp:term":[{"taxonomy":"category","embeddable":true,"href":"https:\/\/codexflores.ch\/index.php\/wp-json\/wp\/v2\/categories?post=1472"},{"taxonomy":"post_tag","embeddable":true,"href":"https:\/\/codexflores.ch\/index.php\/wp-json\/wp\/v2\/tags?post=1472"}],"curies":[{"name":"wp","href":"https:\/\/api.w.org\/{rel}","templated":true}]}}