{"id":1473,"date":"2014-06-05T05:31:32","date_gmt":"2014-06-05T05:31:32","guid":{"rendered":"https:\/\/codexflores.ch\/index.php\/2014\/06\/05\/biennale-bern-unter-dem-titel-zwischen-raeumen\/"},"modified":"2014-06-05T05:31:32","modified_gmt":"2014-06-05T05:31:32","slug":"biennale-bern-unter-dem-titel-zwischen-raeumen","status":"publish","type":"post","link":"https:\/\/codexflores.ch\/index.php\/2014\/06\/05\/biennale-bern-unter-dem-titel-zwischen-raeumen\/","title":{"rendered":"Biennale Bern unter dem Titel \u00abZwischen R\u00e4umen\u00bb"},"content":{"rendered":"<p><span style=\"font-family: arial,helvetica,sans-serif; font-size: small;\">05.06.2014 &#8212; Vom 11. bis 20. September pr\u00e4sentiert die Biennale Bern unter dem Titel \u00abZwischen R\u00e4umen\u00bb eine Reihe lokaler und internationaler K\u00fcnstlerinnen, K\u00fcnstler und Ensembles, die sich in ihren Arbeiten auf \u00e4sthetisch und formal unterschiedliche Weise mit Fragen nach dem Raum, seiner Funktion und seiner Wahrnehmung auseinandersetzen.<\/span><\/p>\n<p><span style=\"font-family: arial,helvetica,sans-serif; font-size: small;\"><strong>05.06.2014 &#8212; Vom 11. bis 20. September pr\u00e4sentiert die Biennale Bern unter dem Titel \u00abZwischen R\u00e4umen\u00bb eine Reihe lokaler und internationaler K\u00fcnstlerinnen, K\u00fcnstler und Ensembles, die sich in ihren Arbeiten auf \u00e4sthetisch und formal unterschiedliche Weise mit Fragen nach dem Raum, seiner Funktion und seiner Wahrnehmung auseinandersetzen.<\/strong><\/span><\/p>\n<p><span style=\"font-family: arial,helvetica,sans-serif; font-size: small;\">\u00a0<\/span><\/p>\n<p><span style=\"font-family: arial,helvetica,sans-serif; font-size: small;\">Der international renommierte bildende K\u00fcnstler und Komponist Christian Marclay erforscht das Raum-Zeit-Erleben in der gefeierten Live-Performance \u00abEveryday\u00bb. In \u00abSymphony of a Missing Room\u00bb f\u00fchrt das schwedisch-britische K\u00fcnstlerduo Lundahl &amp; Seitl das Publikum auf einen theatralen Rundgang durch imagin\u00e4re R\u00e4ume im Kunstmuseum Bern. <\/span><\/p>\n<p>\u00a0<\/p>\n<p><span style=\"font-family: arial,helvetica,sans-serif; font-size: small;\">Und in \u00abVortex Temporum\u00bb experimentiert die Choreografin Anne Teresa De Keersmaeker mit ihrer Kompagnie Rosas und dem auf Neue Musik spezialisierten Ictus Ensemble mit Verdichtung und Ausdehnung von Zeit und Raum auf der B\u00fchne.<\/span><\/p>\n<p><span style=\"font-family: arial,helvetica,sans-serif; font-size: small;\">\u00a0<\/span><\/p>\n<p><span style=\"font-family: arial,helvetica,sans-serif; font-size: small;\"><strong>Info:<\/strong> \u00abZwischen R\u00e4umen\u00bb \u2013 BIENNALE BERN, Festival f\u00fcr zeitgen\u00f6ssische K\u00fcnste, 11. &#8211; 20. September 2014. <a href=\"http:\/\/www.biennale-bern.ch%20\" target=\"_blank\" rel=\"noopener noreferrer\">www.biennale-bern.ch <\/a><\/span><\/p>\n<p><span style=\"font-family: arial,helvetica,sans-serif; font-size: small;\">\u00a0<\/span><\/p>\n","protected":false},"excerpt":{"rendered":"<p><span style=\"font-family: arial,helvetica,sans-serif; font-size: small;\">05.06.2014 &#8212; Vom 11. bis 20. September pr\u00e4sentiert die Biennale Bern unter dem Titel \u00abZwischen R\u00e4umen\u00bb eine Reihe lokaler und internationaler K\u00fcnstlerinnen, K\u00fcnstler und Ensembles, die sich in ihren Arbeiten auf \u00e4sthetisch und formal unterschiedliche Weise mit Fragen nach dem Raum, seiner Funktion und seiner Wahrnehmung auseinandersetzen.<\/span><\/p>\n","protected":false},"author":1,"featured_media":0,"comment_status":"open","ping_status":"open","sticky":false,"template":"","format":"standard","meta":{"footnotes":""},"categories":[2],"tags":[],"class_list":["post-1473","post","type-post","status-publish","format-standard","hentry","category-nachrichten","entry"],"_links":{"self":[{"href":"https:\/\/codexflores.ch\/index.php\/wp-json\/wp\/v2\/posts\/1473","targetHints":{"allow":["GET"]}}],"collection":[{"href":"https:\/\/codexflores.ch\/index.php\/wp-json\/wp\/v2\/posts"}],"about":[{"href":"https:\/\/codexflores.ch\/index.php\/wp-json\/wp\/v2\/types\/post"}],"author":[{"embeddable":true,"href":"https:\/\/codexflores.ch\/index.php\/wp-json\/wp\/v2\/users\/1"}],"replies":[{"embeddable":true,"href":"https:\/\/codexflores.ch\/index.php\/wp-json\/wp\/v2\/comments?post=1473"}],"version-history":[{"count":0,"href":"https:\/\/codexflores.ch\/index.php\/wp-json\/wp\/v2\/posts\/1473\/revisions"}],"wp:attachment":[{"href":"https:\/\/codexflores.ch\/index.php\/wp-json\/wp\/v2\/media?parent=1473"}],"wp:term":[{"taxonomy":"category","embeddable":true,"href":"https:\/\/codexflores.ch\/index.php\/wp-json\/wp\/v2\/categories?post=1473"},{"taxonomy":"post_tag","embeddable":true,"href":"https:\/\/codexflores.ch\/index.php\/wp-json\/wp\/v2\/tags?post=1473"}],"curies":[{"name":"wp","href":"https:\/\/api.w.org\/{rel}","templated":true}]}}