{"id":1474,"date":"2014-06-05T05:41:40","date_gmt":"2014-06-05T05:41:40","guid":{"rendered":"https:\/\/codexflores.ch\/index.php\/2014\/06\/05\/bilanz-und-saisonausblick-des-luzerner-sinfonieorchesters\/"},"modified":"2014-06-05T05:41:40","modified_gmt":"2014-06-05T05:41:40","slug":"bilanz-und-saisonausblick-des-luzerner-sinfonieorchesters","status":"publish","type":"post","link":"https:\/\/codexflores.ch\/index.php\/2014\/06\/05\/bilanz-und-saisonausblick-des-luzerner-sinfonieorchesters\/","title":{"rendered":"Bilanz und Saisonausblick des Luzerner Sinfonieorchesters"},"content":{"rendered":"<p>05.06.2014 &#8212; Die kommende 209. Konzertsaison startet das Luzerner Sinfonieorchester gleich mit einem Highlight, als Gast am Lucerne Festival. Deren \u00abArtist in Residence\u00bb Midori bringt zusammen mit dem Orchester ein neues Violinkonzert von Johannes Maria Staud zur Urauff\u00fchrung.<\/p>\n<p>\u00a0<\/p>\n<p><strong>05.06.2014 &#8212; Die kommende 209. Konzertsaison startet das Luzerner Sinfonieorchester gleich mit einem Highlight. als Gast am Lucerne Festival. Deren \u00abArtist in Residence\u00bb Midori bringt zusammen mit dem Orchester ein neues Violinkonzert von Johannes Maria Staud zur Urauff\u00fchrung.<\/strong><\/p>\n<p>\u00a0<\/p>\n<p>Das Arditti Quartett wird zusammen mit dem Luzerner Sinfonieorchester ein neues Werk von Michael Jarrell als Schweizer Erstauff\u00fchrung vorstellen und Lawrence Power ein neues Violakonzert von James MacMillan \u2013 ersteres im Rahmen von \u00abOEuvres Suisses\u00bb, einem gemeinsamen Projekt von Pro Helvetia und dem Verband Schweizerischer Berufsorchester.<\/p>\n<p>\u00a0<\/p>\n<p>Franz\u00f6sische Musik wird auch in dieser Saison grossgeschrieben. Unter anderem mit dem ersten Cellokonzert von Saint-Sa\u00ebns und \u00abTout un monde lointain\u00bb von Dutilleux, welches das LSO gleichzeitig f\u00fcr hamonia mundi einspielen wird. Es ist dies die dritte CD Einspielung f\u00fcr das franz\u00f6sische Label.<\/p>\n<p>\u00a0<\/p>\n<p>LSO Horizonte, das Musikvermittlungsprogramm f\u00fcr Kinder, Jugendliche und Erwachsene, wartet mit einer Neuerung auf: Der LSO Musikwagen wird k\u00fcnftig Musik und musikalische Aktivit\u00e4ten in die D\u00f6rfer und St\u00e4dte der Zentralschweiz bringen. Die Angebote in Luzern setzen einen Schwerpunkt auf Mehrgenerationenprojekte und bieten erstmals ein besonderes Angebot f\u00fcr Menschen mit Demenz. Das Kernangebot des Jugendclubs LSO U25 wird neu flankiert von eigens f\u00fcr Clubmitglieder konzipierten Veranstaltungen.<\/p>\n<p>\u00a0<\/p>\n<p>Eine ausgedehnte Tournee nach S\u00fcdamerika zusammen mit dem Stargeiger Renaud Capu\u00e7on f\u00fchrt das Orchester zum ersten Mal nach Montevideo, Buenos Aires, S\u00e3o Paulo und Rio de Janeiro.<\/p>\n<p>\u00a0<\/p>\n<p>Die Auslastung der Konzerte in der Saison 2013\/14 liegt bei \u00fcber 88 Prozent (Stand 31.5.). Der Eigenfinanzierungsgrad des Konzertbetriebs liegt bei 60 Prozent. Das LSO veranstaltete im KKL Luzern \u00fcber 40 Konzerte, gab mehrere internationale Gastspiele und wirkte im Luzerner Theater bei \u00fcber zehn Musiktheater-Produktionen mit. Zum dritten Mal veranstaltete das LSO Lunchkonzerte und das Festival Zaubersee \u2013 Tage russischer Musik Luzern. <em>(cf)<\/em><\/p>\n","protected":false},"excerpt":{"rendered":"<p>05.06.2014 &#8212; Die kommende 209. Konzertsaison startet das Luzerner Sinfonieorchester gleich mit einem Highlight, als Gast am Lucerne Festival. Deren \u00abArtist in Residence\u00bb Midori bringt zusammen mit dem Orchester ein neues Violinkonzert von Johannes Maria Staud zur Urauff\u00fchrung.<\/p>\n","protected":false},"author":1,"featured_media":0,"comment_status":"open","ping_status":"open","sticky":false,"template":"","format":"standard","meta":{"footnotes":""},"categories":[2],"tags":[],"class_list":["post-1474","post","type-post","status-publish","format-standard","hentry","category-nachrichten","entry"],"_links":{"self":[{"href":"https:\/\/codexflores.ch\/index.php\/wp-json\/wp\/v2\/posts\/1474","targetHints":{"allow":["GET"]}}],"collection":[{"href":"https:\/\/codexflores.ch\/index.php\/wp-json\/wp\/v2\/posts"}],"about":[{"href":"https:\/\/codexflores.ch\/index.php\/wp-json\/wp\/v2\/types\/post"}],"author":[{"embeddable":true,"href":"https:\/\/codexflores.ch\/index.php\/wp-json\/wp\/v2\/users\/1"}],"replies":[{"embeddable":true,"href":"https:\/\/codexflores.ch\/index.php\/wp-json\/wp\/v2\/comments?post=1474"}],"version-history":[{"count":0,"href":"https:\/\/codexflores.ch\/index.php\/wp-json\/wp\/v2\/posts\/1474\/revisions"}],"wp:attachment":[{"href":"https:\/\/codexflores.ch\/index.php\/wp-json\/wp\/v2\/media?parent=1474"}],"wp:term":[{"taxonomy":"category","embeddable":true,"href":"https:\/\/codexflores.ch\/index.php\/wp-json\/wp\/v2\/categories?post=1474"},{"taxonomy":"post_tag","embeddable":true,"href":"https:\/\/codexflores.ch\/index.php\/wp-json\/wp\/v2\/tags?post=1474"}],"curies":[{"name":"wp","href":"https:\/\/api.w.org\/{rel}","templated":true}]}}