{"id":1475,"date":"2014-06-05T06:34:33","date_gmt":"2014-06-05T06:34:33","guid":{"rendered":"https:\/\/codexflores.ch\/index.php\/2014\/06\/05\/festival-de-strasbourg-2014-abgesagt\/"},"modified":"2014-06-05T06:34:33","modified_gmt":"2014-06-05T06:34:33","slug":"festival-de-strasbourg-2014-abgesagt","status":"publish","type":"post","link":"https:\/\/codexflores.ch\/index.php\/2014\/06\/05\/festival-de-strasbourg-2014-abgesagt\/","title":{"rendered":"Festival de Strasbourg 2014 abgesagt"},"content":{"rendered":"<p><span style=\"font-family: arial,helvetica,sans-serif; font-size: small;\">05.06.2014 &#8211;Eigentlich h\u00e4tte dieser Tage die 2014er-Ausgabe des traditionsreichen Festival de Strasbourg \u00fcber die B\u00fchnen gehen sollen. Daraus wird nun nichts.<\/span><\/p>\n<p><span style=\"font-family: arial,helvetica,sans-serif; font-size: small;\"><strong>05.06.2014 &#8211;Eigentlich h\u00e4tte dieser Tage die 2014er-Ausgabe des traditionsreichen Festival de Strasbourg \u00fcber die B\u00fchnen gehen sollen. Daraus wird nun nichts.<\/strong><\/span><\/p>\n<p><span style=\"font-family: arial,helvetica,sans-serif; font-size: small;\">\u00a0<\/span><\/p>\n<p><span style=\"font-family: arial,helvetica,sans-serif; font-size: small;\">Laut einer Notiz des Fachmagazins Resmusica ist das Festival abgesagt worden. Grund sind offenbar die schlechten Kartenverk\u00e4ufe. Wie Marc-Daniel Roth, der Pr\u00e4sident der Soci\u00e9t\u00e9 des amis de la musique de Strasbourg (SAMS) gegen\u00fcber France 3 Alsace erkl\u00e4rte, h\u00e4tte das Festival mutmasslich ein Defizit von 300&#8217;000 Euro eingefahren<\/span><\/p>\n<p><span style=\"font-family: arial,helvetica,sans-serif; font-size: small;\">\u00a0<\/span><\/p>\n<p><span style=\"font-family: arial,helvetica,sans-serif; font-size: small;\">Die SAMS soll nun geordnet liquidiert werden. Ob 2015 eine neue Ausgabe des 1932 gegr\u00fcndeten Festivals realisiert wird, ist noch offen.<em> (cf)<\/em><\/span><\/p>\n<p><span style=\"font-family: arial,helvetica,sans-serif; font-size: small;\">\u00a0<\/span><\/p>\n<p>\u00a0<\/p>\n","protected":false},"excerpt":{"rendered":"<p><span style=\"font-family: arial,helvetica,sans-serif; font-size: small;\">05.06.2014 &#8211;Eigentlich h\u00e4tte dieser Tage die 2014er-Ausgabe des traditionsreichen Festival de Strasbourg \u00fcber die B\u00fchnen gehen sollen. Daraus wird nun nichts.<\/span><\/p>\n","protected":false},"author":1,"featured_media":0,"comment_status":"open","ping_status":"open","sticky":false,"template":"","format":"standard","meta":{"footnotes":""},"categories":[2],"tags":[],"class_list":["post-1475","post","type-post","status-publish","format-standard","hentry","category-nachrichten","entry"],"_links":{"self":[{"href":"https:\/\/codexflores.ch\/index.php\/wp-json\/wp\/v2\/posts\/1475","targetHints":{"allow":["GET"]}}],"collection":[{"href":"https:\/\/codexflores.ch\/index.php\/wp-json\/wp\/v2\/posts"}],"about":[{"href":"https:\/\/codexflores.ch\/index.php\/wp-json\/wp\/v2\/types\/post"}],"author":[{"embeddable":true,"href":"https:\/\/codexflores.ch\/index.php\/wp-json\/wp\/v2\/users\/1"}],"replies":[{"embeddable":true,"href":"https:\/\/codexflores.ch\/index.php\/wp-json\/wp\/v2\/comments?post=1475"}],"version-history":[{"count":0,"href":"https:\/\/codexflores.ch\/index.php\/wp-json\/wp\/v2\/posts\/1475\/revisions"}],"wp:attachment":[{"href":"https:\/\/codexflores.ch\/index.php\/wp-json\/wp\/v2\/media?parent=1475"}],"wp:term":[{"taxonomy":"category","embeddable":true,"href":"https:\/\/codexflores.ch\/index.php\/wp-json\/wp\/v2\/categories?post=1475"},{"taxonomy":"post_tag","embeddable":true,"href":"https:\/\/codexflores.ch\/index.php\/wp-json\/wp\/v2\/tags?post=1475"}],"curies":[{"name":"wp","href":"https:\/\/api.w.org\/{rel}","templated":true}]}}