{"id":1476,"date":"2014-06-06T06:03:51","date_gmt":"2014-06-06T06:03:51","guid":{"rendered":"https:\/\/codexflores.ch\/index.php\/2014\/06\/06\/fruehbeck-de-burgos-beendet-seine-karriere\/"},"modified":"2014-06-06T06:03:51","modified_gmt":"2014-06-06T06:03:51","slug":"fruehbeck-de-burgos-beendet-seine-karriere","status":"publish","type":"post","link":"https:\/\/codexflores.ch\/index.php\/2014\/06\/06\/fruehbeck-de-burgos-beendet-seine-karriere\/","title":{"rendered":"Fr\u00fchbeck de Burgos beendet seine Karriere"},"content":{"rendered":"<p><span style=\"font-family: arial,helvetica,sans-serif; font-size: small;\">06.06.2014 &#8212; Der spanische Dirigent Rafael Fr\u00fchbeck de Burgos hat seinen Abschied vom Podium angek\u00fcndigt. Er tritt per sofort von seinem Amt als Chefdirigent der Danish National Symphony zur\u00fcck. Der Grund ist eine Krebserkrankung.<\/span><\/p>\n<p>\u00a0<\/p>\n<p><span style=\"font-family: arial,helvetica,sans-serif; font-size: small;\"><strong>06.06.2014 &#8212; Der spanische Dirigent Rafael Fr\u00fchbeck de Burgos hat seinen Abschied vom Podium angek\u00fcndigt. Er tritt per sofort von seinem Amt als Chefdirigent der Danish National Symphony zur\u00fcck. <span style=\"font-family: arial,helvetica,sans-serif; font-size: small;\">Der Grund ist eine Krebserkrankung.<\/span><\/strong><\/span><\/p>\n<p>\u00a0<\/p>\n<p><span style=\"font-family: arial,helvetica,sans-serif; font-size: small;\">Auftritte vom 7. und 8. Juni in Dresden muss Fr\u00fchbeck de Burgos ebenfalls absagen. Markus Poschner, derzeit Erster Gastdirigent der Dresdner Philharmonie, \u00fcbernimmt die Leitung dieser Konzerte. Auch ein im Anschluss geplantes Gastspiel in Strassburg h\u00e4tte Poschner geleitet, wenn das Strassburger Festival nicht kurzfristig abgesagt worden w\u00e4re.<\/span><\/p>\n<p><span style=\"font-family: arial,helvetica,sans-serif; font-size: small;\">\u00a0<\/span><\/p>\n<p><span style=\"font-family: arial,helvetica,sans-serif; font-size: small;\">In einer pers\u00f6nlchen Erkl\u00e4rung schreibt der 80-j\u00e4hrige Orchesterleiter, eine \u00e4rztlichen Konsultation habe ihn mit der Tatsache konfrontiert, dass er Krebs habe. Er k\u00f6nnne sich deshalb nicht mehr mit der n\u00f6tigen Aufmerksamkeit weiterer beruflicher T\u00e4tigkeiten widmen. <em>(cf)<\/em><\/span><\/p>\n","protected":false},"excerpt":{"rendered":"<p><span style=\"font-family: arial,helvetica,sans-serif; font-size: small;\">06.06.2014 &#8212; Der spanische Dirigent Rafael Fr\u00fchbeck de Burgos hat seinen Abschied vom Podium angek\u00fcndigt. Er tritt per sofort von seinem Amt als Chefdirigent der Danish National Symphony zur\u00fcck. Der Grund ist eine Krebserkrankung.<\/span><\/p>\n","protected":false},"author":1,"featured_media":0,"comment_status":"open","ping_status":"open","sticky":false,"template":"","format":"standard","meta":{"footnotes":""},"categories":[2],"tags":[],"class_list":["post-1476","post","type-post","status-publish","format-standard","hentry","category-nachrichten","entry"],"_links":{"self":[{"href":"https:\/\/codexflores.ch\/index.php\/wp-json\/wp\/v2\/posts\/1476","targetHints":{"allow":["GET"]}}],"collection":[{"href":"https:\/\/codexflores.ch\/index.php\/wp-json\/wp\/v2\/posts"}],"about":[{"href":"https:\/\/codexflores.ch\/index.php\/wp-json\/wp\/v2\/types\/post"}],"author":[{"embeddable":true,"href":"https:\/\/codexflores.ch\/index.php\/wp-json\/wp\/v2\/users\/1"}],"replies":[{"embeddable":true,"href":"https:\/\/codexflores.ch\/index.php\/wp-json\/wp\/v2\/comments?post=1476"}],"version-history":[{"count":0,"href":"https:\/\/codexflores.ch\/index.php\/wp-json\/wp\/v2\/posts\/1476\/revisions"}],"wp:attachment":[{"href":"https:\/\/codexflores.ch\/index.php\/wp-json\/wp\/v2\/media?parent=1476"}],"wp:term":[{"taxonomy":"category","embeddable":true,"href":"https:\/\/codexflores.ch\/index.php\/wp-json\/wp\/v2\/categories?post=1476"},{"taxonomy":"post_tag","embeddable":true,"href":"https:\/\/codexflores.ch\/index.php\/wp-json\/wp\/v2\/tags?post=1476"}],"curies":[{"name":"wp","href":"https:\/\/api.w.org\/{rel}","templated":true}]}}