{"id":1478,"date":"2014-06-06T06:34:57","date_gmt":"2014-06-06T06:34:57","guid":{"rendered":"https:\/\/codexflores.ch\/index.php\/2014\/06\/06\/prometheus-tag-der-zhdk-anlaesslich-der-zuercher-festspielen\/"},"modified":"2014-06-06T06:34:57","modified_gmt":"2014-06-06T06:34:57","slug":"prometheus-tag-der-zhdk-anlaesslich-der-zuercher-festspielen","status":"publish","type":"post","link":"https:\/\/codexflores.ch\/index.php\/2014\/06\/06\/prometheus-tag-der-zhdk-anlaesslich-der-zuercher-festspielen\/","title":{"rendered":"Prometheus-Tag der ZHdK anl\u00e4sslich der Z\u00fcrcher Festspiele"},"content":{"rendered":"<p><span style=\"font-family: arial,helvetica,sans-serif; font-size: small;\">06.06.2014 &#8212; Das Departement Musik der ZHdK (Z\u00fcrcher Hochschule der K\u00fcnste) kooperiert erneut mit den Festspielen Z\u00fcrich: Ein eigens f\u00fcr den Anlass geschaffenes Prometheus-Ensemble pr\u00e4sentiert am 15. Juni f\u00fcnf ungew\u00f6hnliche Konzertmomente mit Musik von Beethoven und Nono.<\/span><\/p>\n<p><span style=\"font-family: arial,helvetica,sans-serif; font-size: small;\"><strong>06.06.2014 &#8212; Das Departement Musik der ZHdK (Z\u00fcrcher Hochschule der K\u00fcnste) kooperiert erneut mit den Festspielen Z\u00fcrich: Ein eigens f\u00fcr den Anlass geschaffenes Prometheus-Ensemble pr\u00e4sentiert am 15. Juni f\u00fcnf ungew\u00f6hnliche Konzertmomente mit Musik von Beethoven und Nono.<\/strong><\/span><\/p>\n<p><span style=\"font-family: arial,helvetica,sans-serif; font-size: small;\">\u00a0<\/span><\/p>\n<p><span style=\"font-family: arial,helvetica,sans-serif; font-size: small;\">Beethovens<em> Die Gesch\u00f6pfe des Prometheus<\/em> erklingen neu instrumentiert, seine <em>Eroica<\/em> ist f\u00fcr einmal als Klavierquartett zu erleben. Original, aber nicht minder unvertraut, sind die Tonbandkl\u00e4nge, die Nono den akustischen Instrumenten zuf\u00fcgt. Und schliesslich wird der k\u00fcnstlerischen Anmassung die bek\u00f6mmliche Inszenierung entgegen gesetzt: Als Klangarchipele wechseln Konzertmomente mit Pausen, Austausch und Gespr\u00e4ch.<\/span><\/p>\n<p><span style=\"font-family: arial,helvetica,sans-serif; font-size: small;\">\u00a0<\/span><\/p>\n<p><span style=\"font-family: arial,helvetica,sans-serif; font-size: small;\">Das Prometheus-Ensemble der ZHdK besteht aus Marc Kissoczy und Daniel Glaus (Leitung), Oana Zamfir (Klavier), Mihai Cocea (Viola), Iryna Gintova (Violine), Sarah Maria Sun (Sopran), Yulia Miloslavskaya (Klavier), Arata Yumi (Violine),\u00a0 Mayuko Ishigami (Violine) und Peter Schweiger (Sprecher).<\/span><\/p>\n<p><span style=\"font-family: arial,helvetica,sans-serif; font-size: small;\">\u00a0<\/span><\/p>\n<p><span style=\"font-family: arial,helvetica,sans-serif; font-size: small;\">Er\u00f6ffnet werden die Festspiele vom Tonhalle-Orchester Z\u00fcrich mit Werken von Webern, Berg und Sch\u00f6nberg. Barbara Hannigan verk\u00f6rpert die Marie in drei Bruchst\u00fccken aus Alban Bergs Oper <em>Wozzeck<\/em>. Umrahmt wird ihr Auftritt von zwei weiteren bedeutenden Werken der sogenannten Zweiten Wiener Schule: Anton Weberns <em>Sechs St\u00fccke f\u00fcr grosses Orchester<\/em> op. 6 sowie Arnold Sch\u00f6nbergs Sinfonische Dichtung <em>Pelleas und M\u00e9lisande<\/em>. <em>(cf)<\/em><\/span><\/p>\n<p><span style=\"font-family: arial,helvetica,sans-serif; font-size: small;\"><em>\u00a0<\/em><\/span><\/p>\n<p><span style=\"font-family: arial,helvetica,sans-serif; font-size: small;\"><strong>Mehr Infos:<\/strong> <a href=\"http:\/\/www.festspiele-zuerich.ch\" target=\"_blank\" rel=\"noopener noreferrer\">www.festspiele-zuerich.ch<\/a><\/span><\/p>\n<p><span style=\"font-family: arial,helvetica,sans-serif; font-size: small;\">\u00a0<\/span><\/p>\n","protected":false},"excerpt":{"rendered":"<p><span style=\"font-family: arial,helvetica,sans-serif; font-size: small;\">06.06.2014 &#8212; Das Departement Musik der ZHdK (Z\u00fcrcher Hochschule der K\u00fcnste) kooperiert erneut mit den Festspielen Z\u00fcrich: Ein eigens f\u00fcr den Anlass geschaffenes Prometheus-Ensemble pr\u00e4sentiert am 15. Juni f\u00fcnf ungew\u00f6hnliche Konzertmomente mit Musik von Beethoven und Nono.<\/span><\/p>\n","protected":false},"author":1,"featured_media":0,"comment_status":"open","ping_status":"open","sticky":false,"template":"","format":"standard","meta":{"footnotes":""},"categories":[2],"tags":[],"class_list":["post-1478","post","type-post","status-publish","format-standard","hentry","category-nachrichten","entry"],"_links":{"self":[{"href":"https:\/\/codexflores.ch\/index.php\/wp-json\/wp\/v2\/posts\/1478","targetHints":{"allow":["GET"]}}],"collection":[{"href":"https:\/\/codexflores.ch\/index.php\/wp-json\/wp\/v2\/posts"}],"about":[{"href":"https:\/\/codexflores.ch\/index.php\/wp-json\/wp\/v2\/types\/post"}],"author":[{"embeddable":true,"href":"https:\/\/codexflores.ch\/index.php\/wp-json\/wp\/v2\/users\/1"}],"replies":[{"embeddable":true,"href":"https:\/\/codexflores.ch\/index.php\/wp-json\/wp\/v2\/comments?post=1478"}],"version-history":[{"count":0,"href":"https:\/\/codexflores.ch\/index.php\/wp-json\/wp\/v2\/posts\/1478\/revisions"}],"wp:attachment":[{"href":"https:\/\/codexflores.ch\/index.php\/wp-json\/wp\/v2\/media?parent=1478"}],"wp:term":[{"taxonomy":"category","embeddable":true,"href":"https:\/\/codexflores.ch\/index.php\/wp-json\/wp\/v2\/categories?post=1478"},{"taxonomy":"post_tag","embeddable":true,"href":"https:\/\/codexflores.ch\/index.php\/wp-json\/wp\/v2\/tags?post=1478"}],"curies":[{"name":"wp","href":"https:\/\/api.w.org\/{rel}","templated":true}]}}