{"id":1482,"date":"2014-06-10T05:52:02","date_gmt":"2014-06-10T05:52:02","guid":{"rendered":"https:\/\/codexflores.ch\/index.php\/2014\/06\/10\/peter-gelb-befuerchtet-einen-met-bankrott\/"},"modified":"2014-06-10T05:52:02","modified_gmt":"2014-06-10T05:52:02","slug":"peter-gelb-befuerchtet-einen-met-bankrott","status":"publish","type":"post","link":"https:\/\/codexflores.ch\/index.php\/2014\/06\/10\/peter-gelb-befuerchtet-einen-met-bankrott\/","title":{"rendered":"Peter Gelb bef\u00fcrchtet einen Met-Bankrott"},"content":{"rendered":"<p><span style=\"font-family: arial,helvetica,sans-serif; font-size: small;\">10.06.2014 &#8212; Peter Gelb, der Gesch\u00e4ftsf\u00fchrer der New Yorker Metropolitan Opera geht davon aus, dass die Met in zwei, drei Jahren bankrott ist, wenn nicht drastische Massnahmen ergriffen werden. Zur Disposition stehen m\u00fcssten vor allem die Musiker-Entsch\u00e4digungen.<\/span><\/p>\n<p><span style=\"font-family: arial,helvetica,sans-serif; font-size: small;\"><strong>10.06.2014 &#8212; Peter Gelb, der Gesch\u00e4ftsf\u00fchrer der New Yorker Metropolitan Opera geht davon aus, dass die Met in zwei, drei Jahren bankrott ist, wenn nicht drastische Massnahmen ergriffen werden. Zur Disposition stehen m\u00fcssten vor allem die Musiker-Entsch\u00e4digungen.<\/strong><\/span><\/p>\n<p><span style=\"font-family: arial,helvetica,sans-serif; font-size: small;\">\u00a0<\/span><\/p>\n<p><span style=\"font-family: arial,helvetica,sans-serif; font-size: small;\">In einem Interview mit Radio BBC 3 erkl\u00e4rt Gelb, die Geh\u00e4lter von Chor und Orchester m\u00fcssten um rund 16 Prozent gek\u00fcrzt werden. Zur Zeit w\u00fcrden diese pauschal f\u00fcr mindestens vier Auff\u00fchrungen pro Woche entsch\u00e4digt, selbst wenn sie h\u00e4ufig bloss drei zu absolvieren h\u00e4tten. Zudem m\u00fcsse sich die Oper dem generellen Trend sinkender Eiintritte stellen. Die Verj\u00fcngung des Publikums gelinge nur unzureichend.<\/span><\/p>\n<p><span style=\"font-family: arial,helvetica,sans-serif; font-size: small;\">\u00a0<\/span><\/p>\n<p><span style=\"font-family: arial,helvetica,sans-serif; font-size: small;\">Gelb bereitet mit seinen Aussagen das Terrain f\u00fcr die anstehenden Lohnverhandlungen und die entsprechenden Forderungen der Gewerkschaften, die bereits mit Streiks drohen. Der aktuelle Vertrag mit den Musikern l\u00e4uft Ende Juli dieses Jahres aus. <em>(cf)<\/em><\/span><\/p>\n","protected":false},"excerpt":{"rendered":"<p><span style=\"font-family: arial,helvetica,sans-serif; font-size: small;\">10.06.2014 &#8212; Peter Gelb, der Gesch\u00e4ftsf\u00fchrer der New Yorker Metropolitan Opera geht davon aus, dass die Met in zwei, drei Jahren bankrott ist, wenn nicht drastische Massnahmen ergriffen werden. Zur Disposition stehen m\u00fcssten vor allem die Musiker-Entsch\u00e4digungen.<\/span><\/p>\n","protected":false},"author":1,"featured_media":0,"comment_status":"open","ping_status":"open","sticky":false,"template":"","format":"standard","meta":{"footnotes":""},"categories":[2],"tags":[],"class_list":["post-1482","post","type-post","status-publish","format-standard","hentry","category-nachrichten","entry"],"_links":{"self":[{"href":"https:\/\/codexflores.ch\/index.php\/wp-json\/wp\/v2\/posts\/1482","targetHints":{"allow":["GET"]}}],"collection":[{"href":"https:\/\/codexflores.ch\/index.php\/wp-json\/wp\/v2\/posts"}],"about":[{"href":"https:\/\/codexflores.ch\/index.php\/wp-json\/wp\/v2\/types\/post"}],"author":[{"embeddable":true,"href":"https:\/\/codexflores.ch\/index.php\/wp-json\/wp\/v2\/users\/1"}],"replies":[{"embeddable":true,"href":"https:\/\/codexflores.ch\/index.php\/wp-json\/wp\/v2\/comments?post=1482"}],"version-history":[{"count":0,"href":"https:\/\/codexflores.ch\/index.php\/wp-json\/wp\/v2\/posts\/1482\/revisions"}],"wp:attachment":[{"href":"https:\/\/codexflores.ch\/index.php\/wp-json\/wp\/v2\/media?parent=1482"}],"wp:term":[{"taxonomy":"category","embeddable":true,"href":"https:\/\/codexflores.ch\/index.php\/wp-json\/wp\/v2\/categories?post=1482"},{"taxonomy":"post_tag","embeddable":true,"href":"https:\/\/codexflores.ch\/index.php\/wp-json\/wp\/v2\/tags?post=1482"}],"curies":[{"name":"wp","href":"https:\/\/api.w.org\/{rel}","templated":true}]}}