{"id":1483,"date":"2014-06-10T06:12:01","date_gmt":"2014-06-10T06:12:01","guid":{"rendered":"https:\/\/codexflores.ch\/index.php\/2014\/06\/10\/gimeno-leiter-des-orchestre-philharmonique-du-luxembourg-opl\/"},"modified":"2014-06-10T06:12:01","modified_gmt":"2014-06-10T06:12:01","slug":"gimeno-leiter-des-orchestre-philharmonique-du-luxembourg-opl","status":"publish","type":"post","link":"https:\/\/codexflores.ch\/index.php\/2014\/06\/10\/gimeno-leiter-des-orchestre-philharmonique-du-luxembourg-opl\/","title":{"rendered":"Gimeno Leiter des Orchestre Philharmonique du Luxembourg (OPL)"},"content":{"rendered":"<p><span style=\"font-family: arial,helvetica,sans-serif; font-size: small;\">10.06.2014 &#8212; Der spanische Dirigent Gustavo Gimeno wird neuer Musikdirektor des Orchestre Philharmonique du Luxembourg (OPL). Er ersetzt mit Beginn der Spielzeit 2015\/16 Emmanuel Krivine, dessen Vertrag nach acht Jahren im Sommer 2015 ausl\u00e4uft.<\/span><\/p>\n<p><strong><span style=\"font-family: arial,helvetica,sans-serif; font-size: small;\">10.06.2014 &#8212; Der spanische Dirigent Gustavo Gimeno wird neuer Musikdirektor des Orchestre Philharmonique du Luxembourg (OPL). Er ersetzt mit Beginn der Spielzeit 2015\/16 Emmanuel Krivine, dessen Vertrag nach acht Jahren im Sommer 2015 ausl\u00e4uft.<\/span><\/strong><\/p>\n<p><span style=\"font-family: arial,helvetica,sans-serif; font-size: small;\">\u00a0<\/span><\/p>\n<p><span style=\"font-family: arial,helvetica,sans-serif; font-size: small;\">Gustavo Gimeno wurde in Valencia\/Spanien geboren. Von 2001 bis 2013 war er Principal Percussionist des Royal Concertgebouw Orchestra. Daneben widmete er sich dem Dirigierstudium am Konservatorium von Amsterdam. Den Grundstein zu seiner internationalen Dirigentenlaufbahn legte er 2012 als Assistent von Mariss Jansons. Wertvolle Erfahrungen sammelte er dar\u00fcber hinaus als Assistent von Bernard Haitink und Claudio Abbado.<\/span><\/p>\n<p><span style=\"font-family: arial,helvetica,sans-serif; font-size: small;\">\u00a0<\/span><\/p>\n<p><span style=\"font-family: arial,helvetica,sans-serif; font-size: small;\">Das Orchestre Philharmonique du Luxembourg (OPL) existiert seit 1933. 1996 ist es in staatliche Tr\u00e4gerschaft \u00fcbernommenworden. Es sit das Hausorchester der 2005 er\u00f6ffneten Philharmonie Luxembourg, mit der es seit Beginn 2012 eine Einheit bildet. <em>(cf)<\/em><\/span><\/p>\n","protected":false},"excerpt":{"rendered":"<p><span style=\"font-family: arial,helvetica,sans-serif; font-size: small;\">10.06.2014 &#8212; Der spanische Dirigent Gustavo Gimeno wird neuer Musikdirektor des Orchestre Philharmonique du Luxembourg (OPL). Er ersetzt mit Beginn der Spielzeit 2015\/16 Emmanuel Krivine, dessen Vertrag nach acht Jahren im Sommer 2015 ausl\u00e4uft.<\/span><\/p>\n","protected":false},"author":1,"featured_media":0,"comment_status":"open","ping_status":"open","sticky":false,"template":"","format":"standard","meta":{"footnotes":""},"categories":[2],"tags":[],"class_list":["post-1483","post","type-post","status-publish","format-standard","hentry","category-nachrichten","entry"],"_links":{"self":[{"href":"https:\/\/codexflores.ch\/index.php\/wp-json\/wp\/v2\/posts\/1483","targetHints":{"allow":["GET"]}}],"collection":[{"href":"https:\/\/codexflores.ch\/index.php\/wp-json\/wp\/v2\/posts"}],"about":[{"href":"https:\/\/codexflores.ch\/index.php\/wp-json\/wp\/v2\/types\/post"}],"author":[{"embeddable":true,"href":"https:\/\/codexflores.ch\/index.php\/wp-json\/wp\/v2\/users\/1"}],"replies":[{"embeddable":true,"href":"https:\/\/codexflores.ch\/index.php\/wp-json\/wp\/v2\/comments?post=1483"}],"version-history":[{"count":0,"href":"https:\/\/codexflores.ch\/index.php\/wp-json\/wp\/v2\/posts\/1483\/revisions"}],"wp:attachment":[{"href":"https:\/\/codexflores.ch\/index.php\/wp-json\/wp\/v2\/media?parent=1483"}],"wp:term":[{"taxonomy":"category","embeddable":true,"href":"https:\/\/codexflores.ch\/index.php\/wp-json\/wp\/v2\/categories?post=1483"},{"taxonomy":"post_tag","embeddable":true,"href":"https:\/\/codexflores.ch\/index.php\/wp-json\/wp\/v2\/tags?post=1483"}],"curies":[{"name":"wp","href":"https:\/\/api.w.org\/{rel}","templated":true}]}}