{"id":1485,"date":"2014-06-11T06:02:46","date_gmt":"2014-06-11T06:02:46","guid":{"rendered":"https:\/\/codexflores.ch\/index.php\/2014\/06\/11\/neunjaehriger-gewinnt-renommierten-italienischen-preis\/"},"modified":"2014-06-11T06:02:46","modified_gmt":"2014-06-11T06:02:46","slug":"neunjaehriger-gewinnt-renommierten-italienischen-preis","status":"publish","type":"post","link":"https:\/\/codexflores.ch\/index.php\/2014\/06\/11\/neunjaehriger-gewinnt-renommierten-italienischen-preis\/","title":{"rendered":"Neunj\u00e4hriger gewinnt renommierten italienischen Preis"},"content":{"rendered":"<p><span style=\"font-family: arial,helvetica,sans-serif; font-size: small;\">11.06.2014 &#8212; Der Gewinner des 21. Premio Andrea Postacchini im italienischen Fermo\u00a0 heisst Samuel Tan. Er ist gerade mal 9 Jahre alt. Um die Auszeichnung k\u00e4mpften 130 Bewerber zwischen 8 und 35 Jahren aus 39 L\u00e4ndern.<\/span><\/p>\n<p><span style=\"font-family: arial,helvetica,sans-serif; font-size: small;\"><strong>11.06.2014 &#8212; Der Gewinner des 21. Premio Andrea Postacchini im italienischen Fermo heisst Samuel Tan. Er ist gerade mal 9 Jahre alt. Um die Auszeichung k\u00e4mpften 130 Bewerber zwischen 8 und 35 Jahren aus 39 L\u00e4ndern.<\/strong><\/span><\/p>\n<p><span style=\"font-family: arial,helvetica,sans-serif; font-size: small;\">\u00a0<\/span><\/p>\n<p><span style=\"font-family: arial,helvetica,sans-serif; font-size: small;\">Tan setzte sich auch in der Kategorie A der 8- bis 11-j\u00e4hrigen durch. Die weiteren R\u00e4nge belegten dort die 8-j\u00e4hrige Serbin Jelena Horvat und die 11-j\u00e4hrige Bulgarin Lora Markova. Neben dem Preisgeld von 1300 Euro erh\u00e4lt der Sieger eine Violine von Francesco Piasentini nach dem Modell eines Instrumentes von Domenico Montagnana aus dem Jahr 1700 sowie einen Walter-Barbiero-Bogen.<\/span><\/p>\n<p><span style=\"font-family: arial,helvetica,sans-serif; font-size: small;\">\u00a0<\/span><\/p>\n<p><span style=\"font-family: arial,helvetica,sans-serif; font-size: small;\">In der Kategorie B (12 bis 16 Jahre) setzte sich die 14-j\u00e4hrige Taiwanerin Sophie Wang durch, die bei Igor Ozim am Mozarteum Salzburg studiert. Keine erste Preise gab es in den Kategorien C und D (17 bis 35 Jahre). Den Vorsitz der Jury hatte der Scala-Konzertmeister Francesco De Angelis. <em>(cf)<\/em><\/span><\/p>\n","protected":false},"excerpt":{"rendered":"<p><span style=\"font-family: arial,helvetica,sans-serif; font-size: small;\">11.06.2014 &#8212; Der Gewinner des 21. Premio Andrea Postacchini im italienischen Fermo\u00a0 heisst Samuel Tan. Er ist gerade mal 9 Jahre alt. Um die Auszeichnung k\u00e4mpften 130 Bewerber zwischen 8 und 35 Jahren aus 39 L\u00e4ndern.<\/span><\/p>\n","protected":false},"author":1,"featured_media":0,"comment_status":"open","ping_status":"open","sticky":false,"template":"","format":"standard","meta":{"footnotes":""},"categories":[2],"tags":[],"class_list":["post-1485","post","type-post","status-publish","format-standard","hentry","category-nachrichten","entry"],"_links":{"self":[{"href":"https:\/\/codexflores.ch\/index.php\/wp-json\/wp\/v2\/posts\/1485","targetHints":{"allow":["GET"]}}],"collection":[{"href":"https:\/\/codexflores.ch\/index.php\/wp-json\/wp\/v2\/posts"}],"about":[{"href":"https:\/\/codexflores.ch\/index.php\/wp-json\/wp\/v2\/types\/post"}],"author":[{"embeddable":true,"href":"https:\/\/codexflores.ch\/index.php\/wp-json\/wp\/v2\/users\/1"}],"replies":[{"embeddable":true,"href":"https:\/\/codexflores.ch\/index.php\/wp-json\/wp\/v2\/comments?post=1485"}],"version-history":[{"count":0,"href":"https:\/\/codexflores.ch\/index.php\/wp-json\/wp\/v2\/posts\/1485\/revisions"}],"wp:attachment":[{"href":"https:\/\/codexflores.ch\/index.php\/wp-json\/wp\/v2\/media?parent=1485"}],"wp:term":[{"taxonomy":"category","embeddable":true,"href":"https:\/\/codexflores.ch\/index.php\/wp-json\/wp\/v2\/categories?post=1485"},{"taxonomy":"post_tag","embeddable":true,"href":"https:\/\/codexflores.ch\/index.php\/wp-json\/wp\/v2\/tags?post=1485"}],"curies":[{"name":"wp","href":"https:\/\/api.w.org\/{rel}","templated":true}]}}