{"id":1487,"date":"2014-06-11T06:55:05","date_gmt":"2014-06-11T06:55:05","guid":{"rendered":"https:\/\/codexflores.ch\/index.php\/2014\/06\/11\/cecilia-bartoli-singt-erneut-an-der-scala\/"},"modified":"2014-06-11T06:55:05","modified_gmt":"2014-06-11T06:55:05","slug":"cecilia-bartoli-singt-erneut-an-der-scala","status":"publish","type":"post","link":"https:\/\/codexflores.ch\/index.php\/2014\/06\/11\/cecilia-bartoli-singt-erneut-an-der-scala\/","title":{"rendered":"Cecilia Bartoli singt erneut an der Scala"},"content":{"rendered":"<p><span style=\"font-family: arial,helvetica,sans-serif; font-size: small;\">11.06.2014 &#8212; Cecilia Bartoli hat an der Mail\u00e4nder Scala bei ihrem letzten Auftritt keine guten Erfahrungen gemacht. Im Dezember 2012 ist sie w\u00e4hrend Rossini-Arien erbarmungslos ausgepfiffen worden. Nun hat sie Alexander Pereira \u00fcberredet, ins Mail\u00e4nder Opernhaus zur\u00fcckzukehren.<\/span><\/p>\n<p><span style=\"font-family: arial,helvetica,sans-serif; font-size: small;\"><strong>11.06.2014 &#8212; Cecilia Bartoli hat an der Mail\u00e4nder Scala bei ihrem letzten Auftritt keine guten Erfahrungen gemacht. Im Dezember 2012 ist sie w\u00e4hrend Rossini-Arien erbarmungslos ausgepfiffen worden. Nun hat sie Alexander Pereira \u00fcberredet, ins Mail\u00e4nder Opernhaus zur\u00fcckzukehren.<\/strong><\/span><\/p>\n<p><span style=\"font-family: arial,helvetica,sans-serif; font-size: small;\">\u00a0<\/span><\/p>\n<p><span style=\"font-family: arial,helvetica,sans-serif; font-size: small;\">Laut einem Bericht der Mail\u00e4nder Tageszeitung \u00abIl Giornale\u00bb wird Bartoli in der kommenden Saison mit einem Vivaldi-Programm zu h\u00f6ren sein. Damit d\u00fcrfte sie sich, was das Mail\u00e4nder Publikum angeht, auf der sicheren Seite bewegen. Das Datum des Auftrittes ist noch nicht festgelegt. Es soll aber in wenigen Tagen kommuniziert werden.<\/span><\/p>\n<p><span style=\"font-family: arial,helvetica,sans-serif; font-size: small;\">\u00a0<\/span><\/p>\n<p><span style=\"font-family: arial,helvetica,sans-serif; font-size: small;\">Bei ihrem ersten Auftritt in Mailand nach zw\u00f6lf Jahren im Dezember 2012 erntete Bartoli mit H\u00e4ndel- und Mozart-Werken (\u00abExultate, Jubilate\u00bb) viel Beifall. Ihre Rossini-Interpretationen wurden vom eigensinnigen Mail\u00e4nder Publikum jedoch abgelehnt. <em>(cf)<\/em><\/span><\/p>\n<p><span style=\"font-family: arial,helvetica,sans-serif; font-size: small;\">\u00a0<\/span><\/p>\n","protected":false},"excerpt":{"rendered":"<p><span style=\"font-family: arial,helvetica,sans-serif; font-size: small;\">11.06.2014 &#8212; Cecilia Bartoli hat an der Mail\u00e4nder Scala bei ihrem letzten Auftritt keine guten Erfahrungen gemacht. Im Dezember 2012 ist sie w\u00e4hrend Rossini-Arien erbarmungslos ausgepfiffen worden. Nun hat sie Alexander Pereira \u00fcberredet, ins Mail\u00e4nder Opernhaus zur\u00fcckzukehren.<\/span><\/p>\n","protected":false},"author":1,"featured_media":0,"comment_status":"open","ping_status":"open","sticky":false,"template":"","format":"standard","meta":{"footnotes":""},"categories":[2],"tags":[],"class_list":["post-1487","post","type-post","status-publish","format-standard","hentry","category-nachrichten","entry"],"_links":{"self":[{"href":"https:\/\/codexflores.ch\/index.php\/wp-json\/wp\/v2\/posts\/1487","targetHints":{"allow":["GET"]}}],"collection":[{"href":"https:\/\/codexflores.ch\/index.php\/wp-json\/wp\/v2\/posts"}],"about":[{"href":"https:\/\/codexflores.ch\/index.php\/wp-json\/wp\/v2\/types\/post"}],"author":[{"embeddable":true,"href":"https:\/\/codexflores.ch\/index.php\/wp-json\/wp\/v2\/users\/1"}],"replies":[{"embeddable":true,"href":"https:\/\/codexflores.ch\/index.php\/wp-json\/wp\/v2\/comments?post=1487"}],"version-history":[{"count":0,"href":"https:\/\/codexflores.ch\/index.php\/wp-json\/wp\/v2\/posts\/1487\/revisions"}],"wp:attachment":[{"href":"https:\/\/codexflores.ch\/index.php\/wp-json\/wp\/v2\/media?parent=1487"}],"wp:term":[{"taxonomy":"category","embeddable":true,"href":"https:\/\/codexflores.ch\/index.php\/wp-json\/wp\/v2\/categories?post=1487"},{"taxonomy":"post_tag","embeddable":true,"href":"https:\/\/codexflores.ch\/index.php\/wp-json\/wp\/v2\/tags?post=1487"}],"curies":[{"name":"wp","href":"https:\/\/api.w.org\/{rel}","templated":true}]}}