{"id":1490,"date":"2014-06-12T06:12:01","date_gmt":"2014-06-12T06:12:01","guid":{"rendered":"https:\/\/codexflores.ch\/index.php\/2014\/06\/12\/debatte-um-mindestlaehne-in-deutschen-kulturinstitutionen\/"},"modified":"2014-06-12T06:12:01","modified_gmt":"2014-06-12T06:12:01","slug":"debatte-um-mindestlaehne-in-deutschen-kulturinstitutionen","status":"publish","type":"post","link":"https:\/\/codexflores.ch\/index.php\/2014\/06\/12\/debatte-um-mindestlaehne-in-deutschen-kulturinstitutionen\/","title":{"rendered":"Debatte um Mindestl\u00f6hne in deutschen Kulturinstitutionen"},"content":{"rendered":"<p><span style=\"font-family: arial,helvetica,sans-serif; font-size: small;\">12.06.2014 &#8212; Die deutsche Bundesarbeitsministerin Andrea Nahles fordert, auch f\u00fcr Praktikanten einen fl\u00e4chendeckenden Mindestlohn von 8,50 Euro pro Stunde gesetzlich zu verankern.Der Deutsche Musikrat (DMR) ist alarmiert.<\/span><\/p>\n<p><strong><span style=\"font-family: arial,helvetica,sans-serif; font-size: small;\">12.06.2014 &#8212; Die deutsche Bundesarbeitsministerin Andrea Nahles fordert, auch f\u00fcr Praktikanten einen fl\u00e4chendeckenden Mindestlohn von 8,50 Euro pro Stunde gesetzlich zu verankern.Der Deutsche Musikrat (DMR) ist alarmiert.<\/span><\/strong><\/p>\n<p>\u00a0<\/p>\n<p><span style=\"font-family: arial,helvetica,sans-serif; font-size: small;\">Ausnahmen seien, so Nahles, nur angedacht, wenn es sich um ein Pflichtpraktikum handelt oder das freiwillige Praktikum sechs Wochen nicht \u00fcberschreitet. Mit ihrer Forderung st\u00f6sst sie allerdings auf Widerstand, auch in den eigenen Reihen.<\/span><\/p>\n<p><span style=\"font-family: arial,helvetica,sans-serif; font-size: small;\">\u00a0<\/span><\/p>\n<p><span style=\"font-family: arial,helvetica,sans-serif; font-size: small;\"> Christian H\u00f6ppner, der Generalsekret\u00e4r des Deutschen Musikrates, begr\u00fcsst grunds\u00e4tzlich, dass die Fehlentwicklungen der Generation Praktikum angegangen werden. Gerade im Musikleben seien viele Institutionen und Verb\u00e4nde von dieser Thematik betroffen. Umgesetzt werden k\u00f6nne diese gesetzliche Regelung allerdings nur, wenn es eine bedarfsgerechte Mittelausstattung f\u00fcr betroffene Organisationen gibt. <\/span><\/p>\n<p><span style=\"font-family: arial,helvetica,sans-serif; font-size: small;\">\u00a0<\/span><\/p>\n<p><span style=\"font-family: arial,helvetica,sans-serif; font-size: small;\">Wo oft noch nicht einmal an eine tarifgerechte Entlohnung der Festangestellten zu denken sei, so H\u00f6ppner weiter, k\u00f6nnten nicht zus\u00e4tzlich noch Praktikanten aus den unterfinanzierten Etats der Kulturinstitutionen bezahlt werden. Wolle man die Diskussion \u00aboffen und ehrlich\u00bb f\u00fchren, k\u00f6nne die Forderung der Politik nach einem Mindestlohn f\u00fcr Praktikanten nur glaubhaft erhoben werden, wenn auch die notwendige Gegenfinanzierung in der Musikf\u00f6rderung gew\u00e4hrleistet werde. <\/span><\/p>\n<p><span style=\"font-family: arial,helvetica,sans-serif; font-size: small;\">\u00a0<\/span><\/p>\n<p><span style=\"font-family: arial,helvetica,sans-serif; font-size: small;\">Solange dies nicht gegeben ist, h\u00e4lt der Deutsche Musikrat einen Mindestlohn von 8,50 Euro ab der siebten Praktikumswoche f\u00fcr realit\u00e4tsfern, zumal zwangsl\u00e4ufig zahlreiche Praktikantenpl\u00e4tze wegfallen w\u00fcrden und in der Folge den jungen Menschen der dringend notwendige Einblick in die Berufswelt verwehrt bliebe. <em>(cf)<\/em><\/span><\/p>\n","protected":false},"excerpt":{"rendered":"<p><span style=\"font-family: arial,helvetica,sans-serif; font-size: small;\">12.06.2014 &#8212; Die deutsche Bundesarbeitsministerin Andrea Nahles fordert, auch f\u00fcr Praktikanten einen fl\u00e4chendeckenden Mindestlohn von 8,50 Euro pro Stunde gesetzlich zu verankern.Der Deutsche Musikrat (DMR) ist alarmiert.<\/span><\/p>\n","protected":false},"author":1,"featured_media":0,"comment_status":"open","ping_status":"open","sticky":false,"template":"","format":"standard","meta":{"footnotes":""},"categories":[2],"tags":[],"class_list":["post-1490","post","type-post","status-publish","format-standard","hentry","category-nachrichten","entry"],"_links":{"self":[{"href":"https:\/\/codexflores.ch\/index.php\/wp-json\/wp\/v2\/posts\/1490","targetHints":{"allow":["GET"]}}],"collection":[{"href":"https:\/\/codexflores.ch\/index.php\/wp-json\/wp\/v2\/posts"}],"about":[{"href":"https:\/\/codexflores.ch\/index.php\/wp-json\/wp\/v2\/types\/post"}],"author":[{"embeddable":true,"href":"https:\/\/codexflores.ch\/index.php\/wp-json\/wp\/v2\/users\/1"}],"replies":[{"embeddable":true,"href":"https:\/\/codexflores.ch\/index.php\/wp-json\/wp\/v2\/comments?post=1490"}],"version-history":[{"count":0,"href":"https:\/\/codexflores.ch\/index.php\/wp-json\/wp\/v2\/posts\/1490\/revisions"}],"wp:attachment":[{"href":"https:\/\/codexflores.ch\/index.php\/wp-json\/wp\/v2\/media?parent=1490"}],"wp:term":[{"taxonomy":"category","embeddable":true,"href":"https:\/\/codexflores.ch\/index.php\/wp-json\/wp\/v2\/categories?post=1490"},{"taxonomy":"post_tag","embeddable":true,"href":"https:\/\/codexflores.ch\/index.php\/wp-json\/wp\/v2\/tags?post=1490"}],"curies":[{"name":"wp","href":"https:\/\/api.w.org\/{rel}","templated":true}]}}