{"id":1493,"date":"2014-06-13T06:30:45","date_gmt":"2014-06-13T06:30:45","guid":{"rendered":"https:\/\/codexflores.ch\/index.php\/2014\/06\/13\/kravis-prize-fuer-neue-musik-geht-an-per-norgard\/"},"modified":"2014-06-13T06:30:45","modified_gmt":"2014-06-13T06:30:45","slug":"kravis-prize-fuer-neue-musik-geht-an-per-norgard","status":"publish","type":"post","link":"https:\/\/codexflores.ch\/index.php\/2014\/06\/13\/kravis-prize-fuer-neue-musik-geht-an-per-norgard\/","title":{"rendered":"Kravis Prize f\u00fcr Neue Musik geht an Per N\u00f8rg\u00e5rd"},"content":{"rendered":"<p><span style=\"font-family: arial,helvetica,sans-serif; font-size: small;\">13.06.2014 &#8212; Der Komponist Per N\u00f8rg\u00e5rd wird mit dem mit 200&#8217;000 Dollar hoch dotierten Marie-Jos\u00e9e Kravis Prize for New Music der New Yorker Philharmoniker ausgezeichnet. Der D\u00e4ne ist der zweite, dem die Auszeichnung zugesprochen worden ist.<\/span><\/p>\n<p><span style=\"font-family: arial,helvetica,sans-serif; font-size: small;\"><strong>13.06.2014 &#8212; Der Komponist Per N\u00f8rg\u00e5rd wird mit dem mit 200&#8217;000 Dollar hoch dotierten Marie-Jos\u00e9e Kravis Prize for New Music der New Yorker Philharmoniker ausgezeichnet. Der D\u00e4ne ist der zweite, dem die Auszeichnung zugesprochen worden ist.<\/strong><\/span><\/p>\n<p>\u00a0<\/p>\n<p><span style=\"font-family: arial,helvetica,sans-serif; font-size: small;\">Neben dem Preisgeld erh\u00e4lt N\u00f8rg\u00e5rd einen Kompositionsauftrag. Die New Yorker Philharmoniker werden N\u00f8rg\u00e5rds dritte Sinfonie im Rahmen ihrer zweiten Biennale im Jahr 2016 urauff\u00fchren.<\/span><\/p>\n<p>\u00a0<\/p>\n<p><span style=\"font-family: arial,helvetica,sans-serif; font-size: small;\">Alan Gilbert, der Chefdirigent der New Yorker Philharmoniker bezeichnet N\u00f8rg\u00e5rd in seiner Begr\u00fcndung als einen der wichtigsten Tonsch\u00f6pfer des Nordens. Er nutzt eine in den 1960er-Jahren entwickelte Technik der st\u00e4ndig variierenden Intervallfolgen. Seine sp\u00e4teren Werke tragen zudem Z\u00fcge des Surrealismus. Dem breiten Publikum ist seine Filmmusik zu \u00abBabettes Fest\u00bb bekannt.<\/span><\/p>\n<p>\u00a0<\/p>\n<p><span style=\"font-family: arial,helvetica,sans-serif; font-size: small;\">Der Preis alle zwei Jahre vergebene wird heuer zum zweiten Mal verliehen. der erste Preistr\u00e4ger war Henri Dutilleux.<em> (cf)<\/em><\/span><\/p>\n<p>\u00a0<\/p>\n","protected":false},"excerpt":{"rendered":"<p><span style=\"font-family: arial,helvetica,sans-serif; font-size: small;\">13.06.2014 &#8212; Der Komponist Per N\u00f8rg\u00e5rd wird mit dem mit 200&#8217;000 Dollar hoch dotierten Marie-Jos\u00e9e Kravis Prize for New Music der New Yorker Philharmoniker ausgezeichnet. Der D\u00e4ne ist der zweite, dem die Auszeichnung zugesprochen worden ist.<\/span><\/p>\n","protected":false},"author":1,"featured_media":0,"comment_status":"open","ping_status":"open","sticky":false,"template":"","format":"standard","meta":{"footnotes":""},"categories":[2],"tags":[],"class_list":["post-1493","post","type-post","status-publish","format-standard","hentry","category-nachrichten","entry"],"_links":{"self":[{"href":"https:\/\/codexflores.ch\/index.php\/wp-json\/wp\/v2\/posts\/1493","targetHints":{"allow":["GET"]}}],"collection":[{"href":"https:\/\/codexflores.ch\/index.php\/wp-json\/wp\/v2\/posts"}],"about":[{"href":"https:\/\/codexflores.ch\/index.php\/wp-json\/wp\/v2\/types\/post"}],"author":[{"embeddable":true,"href":"https:\/\/codexflores.ch\/index.php\/wp-json\/wp\/v2\/users\/1"}],"replies":[{"embeddable":true,"href":"https:\/\/codexflores.ch\/index.php\/wp-json\/wp\/v2\/comments?post=1493"}],"version-history":[{"count":0,"href":"https:\/\/codexflores.ch\/index.php\/wp-json\/wp\/v2\/posts\/1493\/revisions"}],"wp:attachment":[{"href":"https:\/\/codexflores.ch\/index.php\/wp-json\/wp\/v2\/media?parent=1493"}],"wp:term":[{"taxonomy":"category","embeddable":true,"href":"https:\/\/codexflores.ch\/index.php\/wp-json\/wp\/v2\/categories?post=1493"},{"taxonomy":"post_tag","embeddable":true,"href":"https:\/\/codexflores.ch\/index.php\/wp-json\/wp\/v2\/tags?post=1493"}],"curies":[{"name":"wp","href":"https:\/\/api.w.org\/{rel}","templated":true}]}}