{"id":1494,"date":"2014-06-13T07:58:18","date_gmt":"2014-06-13T07:58:18","guid":{"rendered":"https:\/\/codexflores.ch\/index.php\/2014\/06\/13\/schweizer-musikzeitung-nr-6-2014\/"},"modified":"2014-06-13T07:58:18","modified_gmt":"2014-06-13T07:58:18","slug":"schweizer-musikzeitung-nr-6-2014","status":"publish","type":"post","link":"https:\/\/codexflores.ch\/index.php\/2014\/06\/13\/schweizer-musikzeitung-nr-6-2014\/","title":{"rendered":"Schweizer Musikzeitung Nr. 6\/2014"},"content":{"rendered":"<p><strong><img decoding=\"async\" src=\"images\/zeitschriften_covers\/1406smz_Cover.jpg\" border=\"0\" alt=\"Cover Zeitschrift\" style=\"float: left; margin: 8px;\" \/>\u00abViavai\u00bb, bricolle colme di cultura<\/strong><br \/>Programma di scambio culturale binazionale da Pro Helvetia<br \/><em>Das Kulturaustauschprogramm \u00abViavai\u00bb der Pro Helvetia will<\/em><br \/><em>die \u00abItalianit\u00e0\u00bb f\u00f6rdern<\/em><\/p>\n<p><strong>Die Botschaft im Mittelpunkt<\/strong><br \/>Giacinto Scelsi und einige Verbindungslinien in die Schweiz<br \/><em>Le message en point de mire<\/em><\/p>\n<p><strong>La Musique de l\u2019Egypte antique<\/strong><br \/>A d\u00e9faut de partitions, il nous reste de nombreuses illustrations<br \/><em>Die Musik im antiken \u00c4gypten<\/em><\/p>\n<p><strong>Modisches Mezzogiorno<\/strong><br \/>Schon fr\u00fch kam angesagte Musik aus Neapel nach Dresden<br \/><em>La musique napolitaine \u00e0 Dresde<\/em><\/p>\n<p><strong>Wir S\u00fcdl\u00e4nder sind eher konservativ<\/strong><br \/>Carlo Piccardi kennt das Tessiner Musikleben wie kaum ein anderer \u2013<br \/>ein Gespr\u00e4ch \u00fcber Chancen, Entwicklungen und Probleme<br \/>La vie musicale au Tessin avec Carlo Piccardi<\/p>\n<p><strong>Resonance<\/strong><\/p>\n<p>Mon dernier roman poss\u00e8de une forme musicale : Antonio Albanese<br \/>Geschenke der besonderen Art: Wittener Tage f\u00fcr Kammermusik<br \/>K\u00f6nnen, Ausstrahlung, Optimismus: Miriam Prandi im Portr\u00e4t<br \/>Rezensionen \u2014 nouvelles publications<br \/>Ungewisse Zukunft f\u00fcr die Schweizer Musikedition<br \/>Carte Blanche<\/p>\n<p><strong>Campus<\/strong><\/p>\n<p>\u00a0<\/p>\n<p>Die Talente im Land behalten: Music Campus Balchik in Bulgarien<br \/>Konzentration und Durchleuchtung: Hermann Danuser im Gespr\u00e4ch<br \/>Un tremplin pour les jeunes talents en Suisse<br \/>Kurskalender \u2014 calendrier des cours<br \/>R\u00e9fl\u00e9chir au partenariat entre \u00e9cole publique et \u00e9coles de musique<br \/>Rezension Unterrichtsliteratur \u2014 nouvelle publication p\u00e9dagogique<br \/>klaxon Kinderseite \u2014 page des enfants<\/p>\n<p><strong>Service<\/strong><\/p>\n<p>Nachrichten, Linkempfehlungen \u2014<\/p>\n","protected":false},"excerpt":{"rendered":"<p>\u00abViavai\u00bb, bricolle colme di culturaProgramma di scambio culturale binazionale da Pro HelvetiaDas Kulturaustauschprogramm \u00abViavai\u00bb der Pro Helvetia willdie \u00abItalianit\u00e0\u00bb f\u00f6rdern&#8230;<\/p>\n","protected":false},"author":1,"featured_media":0,"comment_status":"open","ping_status":"open","sticky":false,"template":"","format":"standard","meta":{"footnotes":""},"categories":[10],"tags":[],"class_list":["post-1494","post","type-post","status-publish","format-standard","hentry","category-fachzeitschriften","entry"],"_links":{"self":[{"href":"https:\/\/codexflores.ch\/index.php\/wp-json\/wp\/v2\/posts\/1494","targetHints":{"allow":["GET"]}}],"collection":[{"href":"https:\/\/codexflores.ch\/index.php\/wp-json\/wp\/v2\/posts"}],"about":[{"href":"https:\/\/codexflores.ch\/index.php\/wp-json\/wp\/v2\/types\/post"}],"author":[{"embeddable":true,"href":"https:\/\/codexflores.ch\/index.php\/wp-json\/wp\/v2\/users\/1"}],"replies":[{"embeddable":true,"href":"https:\/\/codexflores.ch\/index.php\/wp-json\/wp\/v2\/comments?post=1494"}],"version-history":[{"count":0,"href":"https:\/\/codexflores.ch\/index.php\/wp-json\/wp\/v2\/posts\/1494\/revisions"}],"wp:attachment":[{"href":"https:\/\/codexflores.ch\/index.php\/wp-json\/wp\/v2\/media?parent=1494"}],"wp:term":[{"taxonomy":"category","embeddable":true,"href":"https:\/\/codexflores.ch\/index.php\/wp-json\/wp\/v2\/categories?post=1494"},{"taxonomy":"post_tag","embeddable":true,"href":"https:\/\/codexflores.ch\/index.php\/wp-json\/wp\/v2\/tags?post=1494"}],"curies":[{"name":"wp","href":"https:\/\/api.w.org\/{rel}","templated":true}]}}