{"id":1498,"date":"2014-06-16T06:37:21","date_gmt":"2014-06-16T06:37:21","guid":{"rendered":"https:\/\/codexflores.ch\/index.php\/2014\/06\/16\/stefan-blunier-verlaengert-vertrag-in-bonn-nicht\/"},"modified":"2014-06-16T06:37:21","modified_gmt":"2014-06-16T06:37:21","slug":"stefan-blunier-verlaengert-vertrag-in-bonn-nicht","status":"publish","type":"post","link":"https:\/\/codexflores.ch\/index.php\/2014\/06\/16\/stefan-blunier-verlaengert-vertrag-in-bonn-nicht\/","title":{"rendered":"Stefan Blunier verl\u00e4ngert Vertrag in Bonn nicht"},"content":{"rendered":"<p><span style=\"font-family: arial,helvetica,sans-serif; font-size: small;\">16.06.2014 &#8212; Der geb\u00fcrtige Berner Generalmusikdirektor Stefan Blunier will seinen 2013 bis 2016 verl\u00e4ngerten Vertrag nicht weiter verl\u00e4ngern. Als Grund gibt er drohende Stellenreduktionen und Budgetk\u00fcrzungen an.<\/span><\/p>\n<p><span style=\"font-family: arial,helvetica,sans-serif; font-size: small;\"><strong>16.06.2014 &#8212; Der geb\u00fcrtige Berner Generalmusikdirektor Stefan Blunier will seinen 2013 bis 2016 verl\u00e4ngerten Vertrag nicht weiter verl\u00e4ngern. Als Grund gibt er drohende Stellenreduktionen und Budgetk\u00fcrzungen an.<\/strong><\/span><\/p>\n<p>\u00a0<\/p>\n<p><span style=\"font-family: arial,helvetica,sans-serif; font-size: small;\">Die Stadt Bonn bedauert den Entscheid. Der Rat der Stadt Bonn habe bereits am 1. Juni 2007 den Beschluss gefasst, die Besetzung des Orchesters von 106 Stellen auf 100 Stellen zu reduzieren, den Beschluss mit der Bestellung von Blunier f\u00fcr die Dauer seiner Vertragslaufzeit allerdings ausgesetzt. Oberb\u00fcrgermeister J\u00fcrgen Nimptsch erkl\u00e4rt \u00fcberdies, es gebe von seiner Seite keinerlei Vorhaben, dem Orchester das Budget zu k\u00fcrzen. <\/span><\/p>\n<p>\u00a0<\/p>\n<p><span style=\"font-family: arial,helvetica,sans-serif; font-size: small;\">Der Kulturdezernent der Stadt hatte im Dezember 2013 die Gespr\u00e4che mit Stefan Blunier \u00fcber eine m\u00f6gliche Vertragsverl\u00e4ngerung \u00fcber 2016 hinaus aufgenommen. Insbesondere habe das Interesse bestanden, mit ihm das Beethovenjubil\u00e4umsjahr 2020 vorzubereiten und zu gestalten.<em> (cf)<\/em><\/span><\/p>\n<p>\u00a0<\/p>\n<p>\u00a0<\/p>\n","protected":false},"excerpt":{"rendered":"<p><span style=\"font-family: arial,helvetica,sans-serif; font-size: small;\">16.06.2014 &#8212; Der geb\u00fcrtige Berner Generalmusikdirektor Stefan Blunier will seinen 2013 bis 2016 verl\u00e4ngerten Vertrag nicht weiter verl\u00e4ngern. Als Grund gibt er drohende Stellenreduktionen und Budgetk\u00fcrzungen an.<\/span><\/p>\n","protected":false},"author":1,"featured_media":0,"comment_status":"open","ping_status":"open","sticky":false,"template":"","format":"standard","meta":{"footnotes":""},"categories":[2],"tags":[],"class_list":["post-1498","post","type-post","status-publish","format-standard","hentry","category-nachrichten","entry"],"_links":{"self":[{"href":"https:\/\/codexflores.ch\/index.php\/wp-json\/wp\/v2\/posts\/1498","targetHints":{"allow":["GET"]}}],"collection":[{"href":"https:\/\/codexflores.ch\/index.php\/wp-json\/wp\/v2\/posts"}],"about":[{"href":"https:\/\/codexflores.ch\/index.php\/wp-json\/wp\/v2\/types\/post"}],"author":[{"embeddable":true,"href":"https:\/\/codexflores.ch\/index.php\/wp-json\/wp\/v2\/users\/1"}],"replies":[{"embeddable":true,"href":"https:\/\/codexflores.ch\/index.php\/wp-json\/wp\/v2\/comments?post=1498"}],"version-history":[{"count":0,"href":"https:\/\/codexflores.ch\/index.php\/wp-json\/wp\/v2\/posts\/1498\/revisions"}],"wp:attachment":[{"href":"https:\/\/codexflores.ch\/index.php\/wp-json\/wp\/v2\/media?parent=1498"}],"wp:term":[{"taxonomy":"category","embeddable":true,"href":"https:\/\/codexflores.ch\/index.php\/wp-json\/wp\/v2\/categories?post=1498"},{"taxonomy":"post_tag","embeddable":true,"href":"https:\/\/codexflores.ch\/index.php\/wp-json\/wp\/v2\/tags?post=1498"}],"curies":[{"name":"wp","href":"https:\/\/api.w.org\/{rel}","templated":true}]}}