{"id":1499,"date":"2014-06-17T06:15:36","date_gmt":"2014-06-17T06:15:36","guid":{"rendered":"https:\/\/codexflores.ch\/index.php\/2014\/06\/17\/berger-geschaeftsfuehrer-der-burg-gars\/"},"modified":"2014-06-17T06:15:36","modified_gmt":"2014-06-17T06:15:36","slug":"berger-geschaeftsfuehrer-der-burg-gars","status":"publish","type":"post","link":"https:\/\/codexflores.ch\/index.php\/2014\/06\/17\/berger-geschaeftsfuehrer-der-burg-gars\/","title":{"rendered":"Rudolf Berger wird Gesch\u00e4ftsf\u00fchrer der Burg Gars"},"content":{"rendered":"<p><span style=\"font-family: arial,helvetica,sans-serif; font-size: small;\">17.06.2014 &#8212; Der in Basel geborene Kulturmanager Rudolf Berger, der fr\u00fchrere Direktor der Volksoper Wien, \u00fcbernimmt in \u00d6sterreich die Gesch\u00e4ftsf\u00fchrung der Burg Gars GesmbH.<\/span><\/p>\n<p><span style=\"font-family: arial,helvetica,sans-serif; font-size: small;\"><strong>17.06.2014 &#8212; Der in Basel geborene Kulturmanager Rudolf Berger, der fr\u00fchrere Direktor der Volksoper Wien, \u00fcbernimmt in \u00d6sterreich die Gesch\u00e4ftsf\u00fchrung der Burg Gars GesmbH.<\/strong><\/span><\/p>\n<p><span style=\"font-family: arial,helvetica,sans-serif; font-size: small;\">\u00a0<\/span><\/p>\n<p><span style=\"font-family: arial,helvetica,sans-serif; font-size: small;\">Der 53-j\u00e4hrige Berger folgt auf Stephan Nistler, der sich aus gesundheitlichen Gr\u00fcnden aus der Gesch\u00e4ftsf\u00fchrung zur\u00fcckzieht.<\/span><\/p>\n<p><span style=\"font-family: arial,helvetica,sans-serif; font-size: small;\">\u00a0<\/span><\/p>\n<p><span style=\"font-family: arial,helvetica,sans-serif; font-size: small;\">Berger studierte Musikwissenschaft und wurde 1985 Chefdisponent der Op\u00e9ra de Nice (Nizza). 1994 \u00fcbernahm er die Leitung der Wiener Kammeroper und damit auch des Festivals Mozart in Sch\u00f6nbrunn und des Belvedere-Gesangswettbewerbes. Ab Herbst 1997 wurde er Generalintendant der Op\u00e9ra du Rhin in Stra\u00dfburg. Von 2003 bis 2007 war er Direktor der Volksoper Wien.<\/span><\/p>\n<p><span style=\"font-family: arial,helvetica,sans-serif; font-size: small;\">\u00a0<\/span><\/p>\n<p><span style=\"font-family: arial,helvetica,sans-serif; font-size: small;\">Von 2001 bis 2003 war Rudolf Berger Vizepr\u00e4sident von Opera Europa; ebenso war er Aufsichtsratmitglied von Opera America.<\/span><\/p>\n<p><span style=\"font-family: arial,helvetica,sans-serif; font-size: small;\">\u00a0<\/span><\/p>\n<p><span style=\"font-family: arial,helvetica,sans-serif; font-size: small;\">Gars liegt rund 80 Kilometer nordwestlich von Wien im Waldviertel. Im Mittelpunkt der dortigen Festspiele steht jede Sommersaison eine ausgew\u00e4hlte Oper. Die Trib\u00fcne verf\u00fcgt \u00fcber 1300 Sitzpl\u00e4tze. Intendant ist Johannes Wildner. <em>(cf)<\/em><\/span><\/p>\n<p><span style=\"font-family: arial,helvetica,sans-serif; font-size: small;\">\u00a0<\/span><\/p>\n<p><span style=\"font-family: arial,helvetica,sans-serif; font-size: small;\">\u00a0<\/span><\/p>\n","protected":false},"excerpt":{"rendered":"<p><span style=\"font-family: arial,helvetica,sans-serif; font-size: small;\">17.06.2014 &#8212; Der in Basel geborene Kulturmanager Rudolf Berger, der fr\u00fchrere Direktor der Volksoper Wien, \u00fcbernimmt in \u00d6sterreich die Gesch\u00e4ftsf\u00fchrung der Burg Gars GesmbH.<\/span><\/p>\n","protected":false},"author":1,"featured_media":0,"comment_status":"open","ping_status":"open","sticky":false,"template":"","format":"standard","meta":{"footnotes":""},"categories":[2],"tags":[],"class_list":["post-1499","post","type-post","status-publish","format-standard","hentry","category-nachrichten","entry"],"_links":{"self":[{"href":"https:\/\/codexflores.ch\/index.php\/wp-json\/wp\/v2\/posts\/1499","targetHints":{"allow":["GET"]}}],"collection":[{"href":"https:\/\/codexflores.ch\/index.php\/wp-json\/wp\/v2\/posts"}],"about":[{"href":"https:\/\/codexflores.ch\/index.php\/wp-json\/wp\/v2\/types\/post"}],"author":[{"embeddable":true,"href":"https:\/\/codexflores.ch\/index.php\/wp-json\/wp\/v2\/users\/1"}],"replies":[{"embeddable":true,"href":"https:\/\/codexflores.ch\/index.php\/wp-json\/wp\/v2\/comments?post=1499"}],"version-history":[{"count":0,"href":"https:\/\/codexflores.ch\/index.php\/wp-json\/wp\/v2\/posts\/1499\/revisions"}],"wp:attachment":[{"href":"https:\/\/codexflores.ch\/index.php\/wp-json\/wp\/v2\/media?parent=1499"}],"wp:term":[{"taxonomy":"category","embeddable":true,"href":"https:\/\/codexflores.ch\/index.php\/wp-json\/wp\/v2\/categories?post=1499"},{"taxonomy":"post_tag","embeddable":true,"href":"https:\/\/codexflores.ch\/index.php\/wp-json\/wp\/v2\/tags?post=1499"}],"curies":[{"name":"wp","href":"https:\/\/api.w.org\/{rel}","templated":true}]}}