{"id":1501,"date":"2014-06-17T06:48:18","date_gmt":"2014-06-17T06:48:18","guid":{"rendered":"https:\/\/codexflores.ch\/index.php\/2014\/06\/17\/wird-luisi-in-daenemark-fruehbeck-de-burgos-nachfolger\/"},"modified":"2014-06-17T06:48:18","modified_gmt":"2014-06-17T06:48:18","slug":"wird-luisi-in-daenemark-fruehbeck-de-burgos-nachfolger","status":"publish","type":"post","link":"https:\/\/codexflores.ch\/index.php\/2014\/06\/17\/wird-luisi-in-daenemark-fruehbeck-de-burgos-nachfolger\/","title":{"rendered":"Wird Luisi in D\u00e4nemark Fr\u00fchbeck-de-Burgos-Nachfolger?"},"content":{"rendered":"<p><span style=\"font-family: arial,helvetica,sans-serif; font-size: small;\">17.06.2014 &#8212; Fabio Luisi, der Generalmusikdirektor der Z\u00fcrcher Oper, \u00fcbernimmt im September Konzerte des verstorbenen Dirigenten Rafael Fr\u00fchbeck de Burgos mit dem Danish National Symphony Orchestra. Branchekenner spekulieren auf ein weitergehendes Engagement.<\/span><\/p>\n<p><span style=\"font-family: arial,helvetica,sans-serif; font-size: small;\"><strong>17.06.2014 &#8212; Fabio Luisi, der Generalmusikdirektor der Z\u00fcrcher Oper, \u00fcbernimmt im September Konzerte des verstorbenen Dirigenten Rafael Fr\u00fchbeck de Burgos mit dem Danish National Symphony Orchestra. Branchekenner spekulieren auf ein weitergehendes Engagement.<\/strong><\/span><\/p>\n<p><span style=\"font-family: arial,helvetica,sans-serif; font-size: small;\">\u00a0<\/span><\/p>\n<p><span style=\"font-family: arial,helvetica,sans-serif; font-size: small;\">Laut dem britischen Musikjournalisten Norman Lebrecht soll Luisi in Kopenhagen Wunschkandidat f\u00fcr die Nachfolge von Fr\u00fchbeck de Burgos als Chefdirigent des Orchesters sein. Andere Kandidaten seien Vladimir Ashkenazy, Juanjo Mena und Cristian M\u0103celaru. <em>(cf)\u00a0<\/em><\/span><\/p>\n<p><span style=\"font-family: arial,helvetica,sans-serif; font-size: small;\"><em>\u00a0<\/em><\/span><\/p>\n<p><span style=\"font-family: arial,helvetica,sans-serif; font-size: small;\">Originalartikel: <\/span><a href=\"slippedisc.com\/2014\/06\/maestro-moves-danes-line-up-fruhbeck-successor\/\" target=\"_blank\" rel=\"noopener noreferrer\"><span style=\"font-family: arial,helvetica,sans-serif; font-size: small;\">slippedisc.com\/2014\/06\/maestro-moves-danes-line-up-fruhbeck-successor<\/span><\/a><\/p>\n","protected":false},"excerpt":{"rendered":"<p><span style=\"font-family: arial,helvetica,sans-serif; font-size: small;\">17.06.2014 &#8212; Fabio Luisi, der Generalmusikdirektor der Z\u00fcrcher Oper, \u00fcbernimmt im September Konzerte des verstorbenen Dirigenten Rafael Fr\u00fchbeck de Burgos mit dem Danish National Symphony Orchestra. Branchekenner spekulieren auf ein weitergehendes Engagement.<\/span><\/p>\n","protected":false},"author":1,"featured_media":0,"comment_status":"open","ping_status":"open","sticky":false,"template":"","format":"standard","meta":{"footnotes":""},"categories":[2],"tags":[],"class_list":["post-1501","post","type-post","status-publish","format-standard","hentry","category-nachrichten","entry"],"_links":{"self":[{"href":"https:\/\/codexflores.ch\/index.php\/wp-json\/wp\/v2\/posts\/1501","targetHints":{"allow":["GET"]}}],"collection":[{"href":"https:\/\/codexflores.ch\/index.php\/wp-json\/wp\/v2\/posts"}],"about":[{"href":"https:\/\/codexflores.ch\/index.php\/wp-json\/wp\/v2\/types\/post"}],"author":[{"embeddable":true,"href":"https:\/\/codexflores.ch\/index.php\/wp-json\/wp\/v2\/users\/1"}],"replies":[{"embeddable":true,"href":"https:\/\/codexflores.ch\/index.php\/wp-json\/wp\/v2\/comments?post=1501"}],"version-history":[{"count":0,"href":"https:\/\/codexflores.ch\/index.php\/wp-json\/wp\/v2\/posts\/1501\/revisions"}],"wp:attachment":[{"href":"https:\/\/codexflores.ch\/index.php\/wp-json\/wp\/v2\/media?parent=1501"}],"wp:term":[{"taxonomy":"category","embeddable":true,"href":"https:\/\/codexflores.ch\/index.php\/wp-json\/wp\/v2\/categories?post=1501"},{"taxonomy":"post_tag","embeddable":true,"href":"https:\/\/codexflores.ch\/index.php\/wp-json\/wp\/v2\/tags?post=1501"}],"curies":[{"name":"wp","href":"https:\/\/api.w.org\/{rel}","templated":true}]}}