{"id":1503,"date":"2014-06-18T05:54:19","date_gmt":"2014-06-18T05:54:19","guid":{"rendered":"https:\/\/codexflores.ch\/index.php\/2014\/06\/18\/ausbildung-der-zupfinstrumentenmacher-modernisiert\/"},"modified":"2014-06-18T05:54:19","modified_gmt":"2014-06-18T05:54:19","slug":"ausbildung-der-zupfinstrumentenmacher-modernisiert","status":"publish","type":"post","link":"https:\/\/codexflores.ch\/index.php\/2014\/06\/18\/ausbildung-der-zupfinstrumentenmacher-modernisiert\/","title":{"rendered":"Deutsche Ausbildung der Zupfinstrumentenmacher modernisiert"},"content":{"rendered":"<p><span style=\"font-family: arial,helvetica,sans-serif; font-size: small;\">18.06.2014 &#8212; Um die gestiegenen Anforderungen insbesondere beim Bau elektronischer Instrumente wie der E-Gitarre und die unterschiedlichen Fachrichtungen Gitarren- und Harfenbau st\u00e4rker zu verankern, hat das deutsche Bundesinstitut f\u00fcr Berufsbildung (BIBB) die dreij\u00e4hrige Berufsausbildung auf den neuesten Stand gebracht.<\/span><\/p>\n<p><span style=\"font-family: arial,helvetica,sans-serif; font-size: small;\"><strong>18.06.2014 &#8212; Um die gestiegenen Anforderungen insbesondere beim Bau elektronischer Instrumente wie der E-Gitarre und die unterschiedlichen Fachrichtungen Gitarren- und Harfenbau st\u00e4rker zu verankern, hat das deutsche Bundesinstitut f\u00fcr Berufsbildung (BIBB) die dreij\u00e4hrige Berufsausbildung auf den neuesten Stand gebracht.<\/strong><\/span><\/p>\n<p><span style=\"font-family: arial,helvetica,sans-serif; font-size: small;\">\u00a0<\/span><\/p>\n<p><span style=\"font-family: arial,helvetica,sans-serif; font-size: small;\">Mit der Modernisierung wird die \u00fcber 17 Jahre alte Verordnung zur Ausbildung f\u00fcr Zupfinstrumentenmacher\/-innen abgel\u00f6st. Im neuen Berufsbild wird durch die Differenzierung in die beiden Fachrichtungen Gitarrenbau und Harfenbau dem unterschiedlichen Herstellungsverfahren der beiden wichtigsten Instrumente Rechnung getragen. Innerhalb des Harfenbaus gibt es neben der Konzertharfe auch die historische Barockharfe und die keltische Harfe. Da der Bedarf an elektronischen Zupfinstrumenten gestiegen ist, wird dies in der neuen Verordnung mit der eigenen Berufsbildposition Montieren von Tonabnahmesystemen ber\u00fccksichtigt.<\/span><\/p>\n<p><span style=\"font-family: arial,helvetica,sans-serif; font-size: small;\">\u00a0<\/span><\/p>\n<p><span style=\"font-family: arial,helvetica,sans-serif; font-size: small;\">Zupfinstrumentenmacher arbeiten haupts\u00e4chlich in Klein- und Mittelbetrieben des Musikinstrumentenbaus, aber auch im Musikalienfachhandel mit angeschlossener Reparaturwerkstatt oder in Museen mit Restaurationsabteilungen f\u00fcr Musikinstrumente.<\/span><\/p>\n<p><span style=\"font-family: arial,helvetica,sans-serif; font-size: small;\">\u00a0<\/span><\/p>\n<p><span style=\"font-family: arial,helvetica,sans-serif; font-size: small;\">Die Ausbildung er\u00f6ffnet Aufstiegs- und Karrierem\u00f6glichkeiten. Nach Abschluss der dualen Ausbildung zur Zupfinstrumentenmacherin und dreij\u00e4hriger Erfahrung im Beruf kann der Studiengang Holztechnik mit Bachelorabschluss an der Fakult\u00e4t f\u00fcr Holztechnik und Bau der Fachhochschule Rosenheim angeschlossen werden.<\/span><\/p>\n<p><span style=\"font-family: arial,helvetica,sans-serif; font-size: small;\">\u00a0<\/span><\/p>\n<p><span style=\"font-family: arial,helvetica,sans-serif; font-size: small;\">Im Jahr 2013 wurden insgesamt 15 Ausbildungsverh\u00e4ltnisse f\u00fcr Zupfinstrumentenmacher registriert. Die Ausbildungsverg\u00fctung liegt im Durchschnitt bei 626 Euro brutto pro Monat. L\u00e4nder\u00fcbergreifende Fachklassen gibt es derzeit an der Staatlichen Berufs- und Berufsfachschule Mittenwald (Bayern) sowie am Beruflichen Schulzentrum f\u00fcr Technik und Hauswirtschaft Reichenbach, Au\u00dfenstelle Klingenthal (Sachsen).<\/span><\/p>\n<p><span style=\"font-family: arial,helvetica,sans-serif; font-size: small;\">\u00a0<\/span><\/p>\n<p><span style=\"font-family: arial,helvetica,sans-serif; font-size: small;\">Im Zuge der Modernisierung der Ausbildungsordnung wurde auch der darauf abgestimmte Rahmenlehrplan f\u00fcr die Berufsschule von der Kultusministerkonferenz (KMK) \u00fcberarbeitet. Die modernisierte Ausbildungsordnung tritt \u2013 vorbehaltlich der Ver\u00f6ffentlichung im Bundesgesetzblatt \u2013 zum 1. August 2014 in Kraft. <em>(cf)<\/em><\/span><\/p>\n<p>\u00a0<\/p>\n","protected":false},"excerpt":{"rendered":"<p><span style=\"font-family: arial,helvetica,sans-serif; font-size: small;\">18.06.2014 &#8212; Um die gestiegenen Anforderungen insbesondere beim Bau elektronischer Instrumente wie der E-Gitarre und die unterschiedlichen Fachrichtungen Gitarren- und Harfenbau st\u00e4rker zu verankern, hat das deutsche Bundesinstitut f\u00fcr Berufsbildung (BIBB) die dreij\u00e4hrige Berufsausbildung auf den neuesten Stand gebracht.<\/span><\/p>\n","protected":false},"author":1,"featured_media":0,"comment_status":"open","ping_status":"open","sticky":false,"template":"","format":"standard","meta":{"footnotes":""},"categories":[2],"tags":[],"class_list":["post-1503","post","type-post","status-publish","format-standard","hentry","category-nachrichten","entry"],"_links":{"self":[{"href":"https:\/\/codexflores.ch\/index.php\/wp-json\/wp\/v2\/posts\/1503","targetHints":{"allow":["GET"]}}],"collection":[{"href":"https:\/\/codexflores.ch\/index.php\/wp-json\/wp\/v2\/posts"}],"about":[{"href":"https:\/\/codexflores.ch\/index.php\/wp-json\/wp\/v2\/types\/post"}],"author":[{"embeddable":true,"href":"https:\/\/codexflores.ch\/index.php\/wp-json\/wp\/v2\/users\/1"}],"replies":[{"embeddable":true,"href":"https:\/\/codexflores.ch\/index.php\/wp-json\/wp\/v2\/comments?post=1503"}],"version-history":[{"count":0,"href":"https:\/\/codexflores.ch\/index.php\/wp-json\/wp\/v2\/posts\/1503\/revisions"}],"wp:attachment":[{"href":"https:\/\/codexflores.ch\/index.php\/wp-json\/wp\/v2\/media?parent=1503"}],"wp:term":[{"taxonomy":"category","embeddable":true,"href":"https:\/\/codexflores.ch\/index.php\/wp-json\/wp\/v2\/categories?post=1503"},{"taxonomy":"post_tag","embeddable":true,"href":"https:\/\/codexflores.ch\/index.php\/wp-json\/wp\/v2\/tags?post=1503"}],"curies":[{"name":"wp","href":"https:\/\/api.w.org\/{rel}","templated":true}]}}